{"id":13639,"date":"2016-03-03T16:22:36","date_gmt":"2016-03-03T19:22:36","guid":{"rendered":"http:\/\/catolicanet.net\/wp-cnet\/2016\/03\/03\/qnao-se-improvisa-confessoresq-em-andamento-em-roma-curso-sobre-foro-intimo\/"},"modified":"2017-06-02T09:27:22","modified_gmt":"2017-06-02T12:27:22","slug":"qnao-se-improvisa-confessoresq-em-andamento-em-roma-curso-sobre-foro-intimo","status":"publish","type":"post","link":"https:\/\/catolicanet.net\/wp-cnet\/qnao-se-improvisa-confessoresq-em-andamento-em-roma-curso-sobre-foro-intimo\/","title":{"rendered":"&#8220;N\u00e3o se improvisa confessores&#8221;: em andamento em Roma Curso sobre Foro \u00cdntimo"},"content":{"rendered":"<p style=\"text-align: justify;\"><img decoding=\"async\" src=\"http:\/\/catolicanet.com.br\/images\/stories\/geral\/afp3581591_articolo.jpg\" border=\"0\" align=\"left\" \/>Est\u00e1 em andamento no Pr\u00e9dio da Chancelaria, em Roma, desde a segunda-feira, 29 de fevereiro, o 27\u00ba Curso sobre Foro \u00cdntimo, organizado pela Penitenciaria Apost\u00f3lica. O tema deste ano \u2013 \u201cColoquemos no centro com convic\u00e7\u00e3o o Sacramento da Reconcilia\u00e7\u00e3o\u201d \u2013 \u00e9 inspirado numa passagem da Bula Misericordiae Vultus, com a qual o Papa Francisco convocou o Ano Santo Jubilar. Os participantes ser\u00e3o recebidos em audi\u00eancia pelo Santo Padre na sexta-feira, 4 de mar\u00e7o. A prop\u00f3sito dos objetivos destes encontros anuais, a R\u00e1dio Vaticano entrevistou Mons. Krzysztof\u00a0 Nykiel, Regente da Penitenciaria Apost\u00f3lica:<\/p>\n<p>Aprender a tocar com a m\u00e3o a miseric\u00f3rdia<\/p>\n<p>\u201cA Penitenciaria Apost\u00f3lica sempre esteve empenhada em ajudar os novos sacerdotes e os seminaristas pr\u00f3ximos da ordena\u00e7\u00e3o presbiteral a terem uma forma\u00e7\u00e3o correta para administrar frutuosamente o Sacramento da Reconcilia\u00e7\u00e3o. A sua celebra\u00e7\u00e3o requer, de fato, uma sempre mais adequada e atualizada prepara\u00e7\u00e3o teol\u00f3gica, pastoral espiritual e jur\u00eddica, para que todos aqueles que se aproximam do confession\u00e1rio possam, como pede o Papa, \u201ctocar com a m\u00e3o a grandeza da miseric\u00f3rdia, fonte de verdadeira paz interior\u201d. O curso deste ano, de fato, que registra a presen\u00e7a de cerca de 500 participantes \u2013 insere-se no contexto do Ano Extraordin\u00e1rio da Miseric\u00f3rdia e, portanto, tem como tema motor o convite que Francisco dirigiu \u00e0 Igreja na\u00a0 Misericordiae Vultus, para colocar na centro, com convic\u00e7\u00e3o, o Sacramento da Reconcilia\u00e7\u00e3o\u201d.<\/p>\n<p>&#8220;Durante o Curso, de fato, os diversos relatores t\u00eam esclarecido como, principalmente por meio do Sacramento da Confiss\u00e3o, Deus se manifesta ao homem como Pai que n\u00e3o se cansa nunca de perdoar e de salvar. Em particular, s\u00e3o abordadas situa\u00e7\u00f5es de relevante e atual delicadeza, inerentes aos minist\u00e9rio penitencial. Privilegiada foi a parte relativa \u00e0 reta administra\u00e7\u00e3o do Sacramento da Penit\u00eancia e \u00e0 resolu\u00e7\u00e3o de casos complexos e particulares que s\u00e3o submetidos ao discernimento e \u00e0 miseric\u00f3rdia da Igreja. Portanto, \u00e9 necess\u00e1rio que os sacerdotes aprendam a administrar bem este Sacramento, porque n\u00e3o se improvisa confessores para isto! O Curso sobre Foro \u00cdntimo tem precisamente este objetivo: ajudar os sacerdotes a aprender a arte de serem bons e misericordiosos confessores! De fato, conclui-se com a participa\u00e7\u00e3o na tarde de sexta-feira 4 de mar\u00e7o a Celebra\u00e7\u00e3o Penitencial presidida pelo Papa na Bas\u00edlica de S\u00e3o Pedro. Para a ocasi\u00e3o, a Penitenciaria Apost\u00f3lica colocar\u00e1 \u00e0 disposi\u00e7\u00e3o para administrar o Sacramento da Confiss\u00e3o, 60 sacerdotes, dos quais a maior parte s\u00e3o penitencieiros ordin\u00e1rios e extraordin\u00e1rios das Bas\u00edlicas papais da Urbe, aos quais se somar\u00e3o o pr\u00f3prio Cardeal Penitencieiro Mor, o Regente e os oficiais sacerdotes do Dicast\u00e9rio. Ser\u00e1 um momento forte de gra\u00e7a e uma ocasi\u00e3o favor\u00e1vel para refletir sobre o nosso chamado \u00e0 convers\u00e3o, a mudar de vida e colocar o amor de Deus no centro de nosso cora\u00e7\u00e3o&#8221;.<\/p>\n<p>RV: Como responder, concretamente, ao convite do Papa para colocar no centro a Confiss\u00e3o?<\/p>\n<p>&#8220;Como \u00e9 de conhecimento, o Sacramento da Confiss\u00e3o tem como finalidade fazer experimentar o amor misericordioso de Deus que \u00e9 maior do que qualquer pecado. Por isto, quem se aproxima do confession\u00e1rio deve experimentar o encontro com Cristo misericordioso, um encontro vivo e verdadeiro. Do encontro vivido, brota o in\u00edcio de uma vida renovada e reconciliada. O Sacramento da Reconcilia\u00e7\u00e3o adquire assim um significado de f\u00e9 existencial, porque o sinal da reconcilia\u00e7\u00e3o n\u00e3o est\u00e1 em disson\u00e2ncia com o dia-a-dia do fiel. Por este motivo, os confessores t\u00eam uma grande responsabilidade diante de Deus, isto \u00e9, de serem um verdadeiro sinal do primado da miseric\u00f3rdia do Pai, serem misericordiosos como o Pai. Mas somente poder\u00e3o s\u00ea-lo, com a condi\u00e7\u00e3o de que eles pr\u00f3prios redescubram-se sempre de novo necessitados do perd\u00e3o de Deus, pecadores perdoados, penitentes como publicano no templo que batia no peito dizendo: \u201c\u00d3 Deus, tende piedade de mim pecador\u201d. Aos confessores \u00e9 pedido, portanto, uma importante miss\u00e3o pastoral que \u00e9 a de favorecer o encontro entre os fieis \u2013 especialmente os mais distantes da gra\u00e7a de Deus \u2013 e a miseric\u00f3rdia de Deus. Eles devem ser fontes de onde jorra a miseric\u00f3rdia e onde cada crist\u00e3o poder\u00e1 alcan\u00e7ar em qualquer momento, e sem parada, a \u00e1gua do perd\u00e3o e da salva\u00e7\u00e3o.<\/p>\n<p>RV: Qual \u00e9 o desafio pastoral que os sacerdotes que cuidam das almas, e os confessores em modo particular, devem enfrentar hoje?<\/p>\n<p>&#8220;O desafio de ajudar as pessoas a abrirem-se sempre mais \u00e0 experi\u00eancia do amor de Deus! Vivemos, de fato, em um contexto social onde comumente se procura dispensar Deus, sentido como uma presen\u00e7a estranha, como o antagonista da sua felicidade e por isto tenta de desfazer-se dele, iludindo-se em poder vencer sem a sua ajuda. Perdido o caminho que o leva em dire\u00e7\u00e3o \u00e0 Deus, o homem tem como referencial a si pr\u00f3prio, torna-se ego\u00edsta, voltado para si mesmo, fechado aos outros e ao mundo que o circunda. Portanto, o homem contempor\u00e2neo, redescobrindo a grandeza do amor de Deus que se revela sobretudo no conceder o seu perd\u00e3o, pode reencontrar mais confian\u00e7a em si mesmo, nas suas capacidades e talentos, no seu \u201cser pessoa\u201d criado \u00e0 imagem e semelhan\u00e7a de Deus. Tomar consci\u00eancia de que Deus n\u00e3o \u00e9 concorrente do homem, mas \u00e9 o seu maior e verdadeiro apoiador, torna-se ocasi\u00e3o favor\u00e1vel para experimentar a verdadeira felicidade do homem, isto \u00e9, o ser amado incondicionalmente por Deus que se alegra quando nos perdoa e quando o buscamos com cora\u00e7\u00e3o sincero&#8221;.<\/p>\n<p>RV: O senhor poderia antecipar algo sobre o simp\u00f3sio que est\u00e1 sendo organizado para o final de mar\u00e7o?<\/p>\n<p>&#8220;Por ocasi\u00e3o do Ano Jubilar Extraordin\u00e1rio, a Penitenciaria Apost\u00f3lica, acolhendo o convite do Papa na\u00a0 Misericordiae Vultus a \u201cviver na vida de cada dia a miseric\u00f3rdia que o Pai sempre derrama sobre n\u00f3s\u201d, organizou um encontro de reflex\u00e3o e aprofundamento sobre a Bula de Convoca\u00e7\u00e3o, e que se realizar\u00e1 em 31 de mar\u00e7o\u00a0 e 1\u00ba de abril no Pr\u00e9dio da Chancelaria. A peculiaridade do Simp\u00f3sio consiste no fato de que o t\u00edtulo de cada confer\u00eancia coincidir\u00e1 com uma cita\u00e7\u00e3o tirada da Misericordiae Vultus. Cada relator ter\u00e1 assim a ocasi\u00e3o de aprofundar o tema da miseric\u00f3rdia do ponto de vista b\u00edblico, lit\u00fargico, teol\u00f3gico, espiritual, sacramental e pastoral. Os destinat\u00e1rios s\u00e3o os sacerdotes, os religiosos e religiosas, alunos das faculdades teol\u00f3gicas, agentes pastorais e leigos comprometidos nas comunidades paroquias de perten\u00e7a.<\/p>\n<p style=\"text-align: justify;\">Fonte: R\u00e1dio Vaticano<\/p>\n","protected":false},"excerpt":{"rendered":"<p>Est\u00e1 em andamento no Pr\u00e9dio da Chancelaria, em Roma, desde a segunda-feira, 29 de fevereiro, o 27\u00ba Curso sobre Foro \u00cdntimo, organizado pela Penitenciaria Apost\u00f3lica. O tema deste ano \u2013 \u201cColoquemos no centro com convic\u00e7\u00e3o o Sacramento da Reconcilia\u00e7\u00e3o\u201d \u2013 \u00e9 inspirado numa passagem da Bula Misericordiae Vultus, com a qual o Papa Francisco convocou [&hellip;]<\/p>\n","protected":false},"author":1,"featured_media":0,"comment_status":"open","ping_status":"open","sticky":false,"template":"","format":"standard","meta":{"footnotes":""},"categories":[3],"tags":[],"class_list":["post-13639","post","type-post","status-publish","format-standard","hentry","category-vaticano"],"_links":{"self":[{"href":"https:\/\/catolicanet.net\/wp-cnet\/wp-json\/wp\/v2\/posts\/13639","targetHints":{"allow":["GET"]}}],"collection":[{"href":"https:\/\/catolicanet.net\/wp-cnet\/wp-json\/wp\/v2\/posts"}],"about":[{"href":"https:\/\/catolicanet.net\/wp-cnet\/wp-json\/wp\/v2\/types\/post"}],"author":[{"embeddable":true,"href":"https:\/\/catolicanet.net\/wp-cnet\/wp-json\/wp\/v2\/users\/1"}],"replies":[{"embeddable":true,"href":"https:\/\/catolicanet.net\/wp-cnet\/wp-json\/wp\/v2\/comments?post=13639"}],"version-history":[{"count":1,"href":"https:\/\/catolicanet.net\/wp-cnet\/wp-json\/wp\/v2\/posts\/13639\/revisions"}],"predecessor-version":[{"id":27583,"href":"https:\/\/catolicanet.net\/wp-cnet\/wp-json\/wp\/v2\/posts\/13639\/revisions\/27583"}],"wp:attachment":[{"href":"https:\/\/catolicanet.net\/wp-cnet\/wp-json\/wp\/v2\/media?parent=13639"}],"wp:term":[{"taxonomy":"category","embeddable":true,"href":"https:\/\/catolicanet.net\/wp-cnet\/wp-json\/wp\/v2\/categories?post=13639"},{"taxonomy":"post_tag","embeddable":true,"href":"https:\/\/catolicanet.net\/wp-cnet\/wp-json\/wp\/v2\/tags?post=13639"}],"curies":[{"name":"wp","href":"https:\/\/api.w.org\/{rel}","templated":true}]}}