{"id":13638,"date":"2016-03-03T14:43:19","date_gmt":"2016-03-03T17:43:19","guid":{"rendered":"http:\/\/catolicanet.net\/wp-cnet\/2016\/03\/03\/desmantelar-calais-nao-e-a-solucao-afirmam-caritas\/"},"modified":"2017-06-02T10:15:39","modified_gmt":"2017-06-02T13:15:39","slug":"desmantelar-calais-nao-e-a-solucao-afirmam-caritas","status":"publish","type":"post","link":"https:\/\/catolicanet.net\/wp-cnet\/desmantelar-calais-nao-e-a-solucao-afirmam-caritas\/","title":{"rendered":"Desmantelar Calais n\u00e3o \u00e9 a solu\u00e7\u00e3o, afirmam C\u00e1ritas"},"content":{"rendered":"<p style=\"text-align: justify;\"><img decoding=\"async\" src=\"http:\/\/catolicanet.com.br\/images\/stories\/geral\/afp5043438_articolo.jpg\" border=\"0\" align=\"left\" \/>As C\u00e1ritas de Fran\u00e7a, Inglaterra e Pa\u00eds de Gales se pronunciaram a respeito do desmantelamento do campo de refugiados em Calais, dizendo que esta \u201cn\u00e3o \u00e9 a solu\u00e7\u00e3o\u201d.<\/p>\n<p>Em declara\u00e7\u00f5es divulgadas pela C\u00e1ritas Europa, o gestor de projeto em Calais lamenta a decis\u00e3o do governo local em acabar com grande parte do acampamento improvisado, uma vez que \u201cn\u00e3o existem ainda alternativas vi\u00e1veis para as pessoas\u201d.<\/p>\n<p>\u201c\u00c9 como se quisessem fazer com que as pessoas desaparecessem antes da primavera, por temerem a chegada de mais refugiados\u201d, aponta Vincent De Coninck.<\/p>\n<p>Na regi\u00e3o de Calais, no norte de Fran\u00e7a, estavam at\u00e9 agora cerca de quatro mil migrantes e refugiados vivendo em tendas e barracas improvisadas.<\/p>\n<p>O coordenador da Caritas do Pa\u00eds de Gales, Philip McCarthy, destaca a situa\u00e7\u00e3o de muitas crian\u00e7as e jovens que est\u00e3o ali completamente \u201cdesacompanhadas\u201d e que devem ser alvo de uma \u201caten\u00e7\u00e3o priorit\u00e1ria\u201d.<\/p>\n<p>\u201c\u00c9 vital assegurar as suas necessidades sociais e de sa\u00fade e garantir que eles tenham a oportunidade de reencontrar os seus familiares que encontraram ref\u00fagio no Reino Unido ou em outra regi\u00e3o da Europa\u201d, afirma McCarthy.<\/p>\n<p>As organiza\u00e7\u00f5es cat\u00f3licas est\u00e3o desenvolvendo esfor\u00e7os no sentido de evitar o \u201cdespejo\u201d dos migrantes e refugiados em Calais, at\u00e9 que haja as condi\u00e7\u00f5es mais adequadas para a recoloca\u00e7\u00e3o das pessoas.<\/p>\n<p>As C\u00e1ritas sublinham ainda a import\u00e2ncia de evitar o uso da for\u00e7a contra \u201cpessoas que j\u00e1 t\u00eam sido v\u00edtimas de viol\u00eancia\u201d.<\/p>\n<p style=\"text-align: justify;\">Fonte: R\u00e1dio Vaticano<\/p>\n","protected":false},"excerpt":{"rendered":"<p>As C\u00e1ritas de Fran\u00e7a, Inglaterra e Pa\u00eds de Gales se pronunciaram a respeito do desmantelamento do campo de refugiados em Calais, dizendo que esta \u201cn\u00e3o \u00e9 a solu\u00e7\u00e3o\u201d. Em declara\u00e7\u00f5es divulgadas pela C\u00e1ritas Europa, o gestor de projeto em Calais lamenta a decis\u00e3o do governo local em acabar com grande parte do acampamento improvisado, uma [&hellip;]<\/p>\n","protected":false},"author":1,"featured_media":0,"comment_status":"open","ping_status":"open","sticky":false,"template":"","format":"standard","meta":{"footnotes":""},"categories":[3],"tags":[],"class_list":["post-13638","post","type-post","status-publish","format-standard","hentry","category-vaticano"],"_links":{"self":[{"href":"https:\/\/catolicanet.net\/wp-cnet\/wp-json\/wp\/v2\/posts\/13638","targetHints":{"allow":["GET"]}}],"collection":[{"href":"https:\/\/catolicanet.net\/wp-cnet\/wp-json\/wp\/v2\/posts"}],"about":[{"href":"https:\/\/catolicanet.net\/wp-cnet\/wp-json\/wp\/v2\/types\/post"}],"author":[{"embeddable":true,"href":"https:\/\/catolicanet.net\/wp-cnet\/wp-json\/wp\/v2\/users\/1"}],"replies":[{"embeddable":true,"href":"https:\/\/catolicanet.net\/wp-cnet\/wp-json\/wp\/v2\/comments?post=13638"}],"version-history":[{"count":1,"href":"https:\/\/catolicanet.net\/wp-cnet\/wp-json\/wp\/v2\/posts\/13638\/revisions"}],"predecessor-version":[{"id":27856,"href":"https:\/\/catolicanet.net\/wp-cnet\/wp-json\/wp\/v2\/posts\/13638\/revisions\/27856"}],"wp:attachment":[{"href":"https:\/\/catolicanet.net\/wp-cnet\/wp-json\/wp\/v2\/media?parent=13638"}],"wp:term":[{"taxonomy":"category","embeddable":true,"href":"https:\/\/catolicanet.net\/wp-cnet\/wp-json\/wp\/v2\/categories?post=13638"},{"taxonomy":"post_tag","embeddable":true,"href":"https:\/\/catolicanet.net\/wp-cnet\/wp-json\/wp\/v2\/tags?post=13638"}],"curies":[{"name":"wp","href":"https:\/\/api.w.org\/{rel}","templated":true}]}}