{"id":13637,"date":"2016-03-03T14:17:07","date_gmt":"2016-03-03T17:17:07","guid":{"rendered":"http:\/\/catolicanet.net\/wp-cnet\/2016\/03\/03\/click-to-pray-aplicativo-para-rezar-pelas-intencoes-do-papa\/"},"modified":"2017-06-02T10:04:34","modified_gmt":"2017-06-02T13:04:34","slug":"click-to-pray-aplicativo-para-rezar-pelas-intencoes-do-papa","status":"publish","type":"post","link":"https:\/\/catolicanet.net\/wp-cnet\/click-to-pray-aplicativo-para-rezar-pelas-intencoes-do-papa\/","title":{"rendered":"Click to pray: aplicativo para rezar pelas inten\u00e7\u00f5es do Papa"},"content":{"rendered":"<p style=\"text-align: justify;\"><img decoding=\"async\" src=\"http:\/\/catolicanet.com.br\/images\/stories\/geral\/rv13844_articolo.jpg\" border=\"0\" align=\"left\" \/>A R\u00e1dio Vaticano sediar\u00e1 na sexta-feira (04\/03) a coletiva de imprensa de apresenta\u00e7\u00e3o da iniciativa Click to Pray, um aplicativo para rezar pelas inten\u00e7\u00f5es de ora\u00e7\u00e3o do Papa.<\/p>\n<p>Este aplicativo, no momento, est\u00e1 dispon\u00edvel em portugu\u00eas, ingl\u00eas, espanhol e franc\u00eas (proximamente, tamb\u00e9m em italiano, chin\u00eas, coreano e outras l\u00ednguas) e ser\u00e1 apresentado por ocasi\u00e3o da iniciativa \u201c24h para o Senhor\u201d.<\/p>\n<p>O Click to Pray \u00e9 uma plataforma multicanal que disponibiliza propostas de ora\u00e7\u00e3o simples e breves, para tr\u00eas momentos do dia, durante os 365 dias do ano. Apresenta tamb\u00e9m as inten\u00e7\u00f5es que o Papa Francisco confia mensalmente ao Apostolado de Ora\u00e7\u00e3o e a todos os crist\u00e3os.<\/p>\n<p>A finalidade \u00e9 utilizar as novas tecnologias para levar a ora\u00e7\u00e3o aos espa\u00e7os quotidianos, enquadr\u00e1-la no ritmo de vida de cada um e, desta forma, criar uma atitude de disponibilidade para fazer aquilo que Deus pede a cada dia.<\/p>\n<p>O Click To Pray \u00e9 tamb\u00e9m uma rede social de ora\u00e7\u00e3o, que permite colocar num mural as inten\u00e7\u00f5es de ora\u00e7\u00e3o de cada um e rezar pelas inten\u00e7\u00f5es dos outros usu\u00e1rios.<\/p>\n<p style=\"text-align: justify;\">Fonte: R\u00e1dio Vaticano<\/p>\n","protected":false},"excerpt":{"rendered":"<p>A R\u00e1dio Vaticano sediar\u00e1 na sexta-feira (04\/03) a coletiva de imprensa de apresenta\u00e7\u00e3o da iniciativa Click to Pray, um aplicativo para rezar pelas inten\u00e7\u00f5es de ora\u00e7\u00e3o do Papa. Este aplicativo, no momento, est\u00e1 dispon\u00edvel em portugu\u00eas, ingl\u00eas, espanhol e franc\u00eas (proximamente, tamb\u00e9m em italiano, chin\u00eas, coreano e outras l\u00ednguas) e ser\u00e1 apresentado por ocasi\u00e3o da [&hellip;]<\/p>\n","protected":false},"author":1,"featured_media":0,"comment_status":"open","ping_status":"open","sticky":false,"template":"","format":"standard","meta":{"footnotes":""},"categories":[3],"tags":[],"class_list":["post-13637","post","type-post","status-publish","format-standard","hentry","category-vaticano"],"_links":{"self":[{"href":"https:\/\/catolicanet.net\/wp-cnet\/wp-json\/wp\/v2\/posts\/13637","targetHints":{"allow":["GET"]}}],"collection":[{"href":"https:\/\/catolicanet.net\/wp-cnet\/wp-json\/wp\/v2\/posts"}],"about":[{"href":"https:\/\/catolicanet.net\/wp-cnet\/wp-json\/wp\/v2\/types\/post"}],"author":[{"embeddable":true,"href":"https:\/\/catolicanet.net\/wp-cnet\/wp-json\/wp\/v2\/users\/1"}],"replies":[{"embeddable":true,"href":"https:\/\/catolicanet.net\/wp-cnet\/wp-json\/wp\/v2\/comments?post=13637"}],"version-history":[{"count":1,"href":"https:\/\/catolicanet.net\/wp-cnet\/wp-json\/wp\/v2\/posts\/13637\/revisions"}],"predecessor-version":[{"id":27795,"href":"https:\/\/catolicanet.net\/wp-cnet\/wp-json\/wp\/v2\/posts\/13637\/revisions\/27795"}],"wp:attachment":[{"href":"https:\/\/catolicanet.net\/wp-cnet\/wp-json\/wp\/v2\/media?parent=13637"}],"wp:term":[{"taxonomy":"category","embeddable":true,"href":"https:\/\/catolicanet.net\/wp-cnet\/wp-json\/wp\/v2\/categories?post=13637"},{"taxonomy":"post_tag","embeddable":true,"href":"https:\/\/catolicanet.net\/wp-cnet\/wp-json\/wp\/v2\/tags?post=13637"}],"curies":[{"name":"wp","href":"https:\/\/api.w.org\/{rel}","templated":true}]}}