{"id":13634,"date":"2016-03-03T13:19:52","date_gmt":"2016-03-03T16:19:52","guid":{"rendered":"http:\/\/catolicanet.net\/wp-cnet\/2016\/03\/03\/deus-as-chama-para-servir\/"},"modified":"2017-05-31T11:32:44","modified_gmt":"2017-05-31T14:32:44","slug":"deus-as-chama-para-servir","status":"publish","type":"post","link":"https:\/\/catolicanet.net\/wp-cnet\/deus-as-chama-para-servir\/","title":{"rendered":"Deus as chama para servir"},"content":{"rendered":"<p style=\"text-align: justify;\"><img decoding=\"async\" src=\"http:\/\/catolicanet.com.br\/images\/stories\/geral\/96bf577e2682.jpg\" border=\"0\" align=\"left\" \/>Deixar-se escolher por Jesus: religiosas na Ucr\u00e2nia e suas postulantes. Deixar-se escolher por Jesus: religiosas na Ucr\u00e2nia e suas postulantes.<\/p>\n<p>Nunca deixeis de chorar. Quando secam as l\u00e1grimas a um sacerdote, a um religioso ou a uma religiosa, algo est\u00e1 errado. Chorar pelas pr\u00f3prias infidelidades, chorar pelo sofrimento do mundo, chorar pelas pessoas que s\u00e3o descartadas, pelos velhinhos abandonados, pelas crian\u00e7as assassinadas, pelas coisas que n\u00e3o entendemos; chorar quando nos perguntam \u00abporqu\u00ea?\u00bb. Nenhum de n\u00f3s tem todas as respostas para os \u00abporqu\u00eas\u00bb.<\/p>\n<p>O Papa Francisco disse isso aos religiosos em sua viagem \u00e0 \u00c1frica. Foram palavras para as congrega\u00e7\u00f5es do mundo todo. E tamb\u00e9m deu uma primeira resposta: \u201cOlhar para Cristo na Cruz\u201d. Tamb\u00e9m Deus chora, e muitas Irm\u00e3s enxugam Suas l\u00e1grimas em sil\u00eancio, rezando diante do Crucificado, ou na ora\u00e7\u00e3o e nos cantos em comum na capela \u2013 quando esta existe. Se ela n\u00e3o existe, podemos dizer: \u201cAinda n\u00e3o\u201d.<\/p>\n<p>Na Alb\u00e2nia, onde as consequ\u00eancias do comunismo s\u00e3o vis\u00edveis ainda hoje, estamos ajudando as Carmelitanas a construir o coro na igreja do mosteiro. No convento das Carmelitanas Descal\u00e7as em Florida, no Uruguai, as tempestades arrasaram o velho telhado. Estamos construindo um novo para elas n\u00e3o precisarem ficar na chuva durante a ora\u00e7\u00e3o. Em Ludza, na Let\u00f4nia, o pequeno mosteiro da Congrega\u00e7\u00e3o das Irm\u00e3s de Jesus Eucaristia, com seus poucos quartos e a capela, ficou pequeno demais para as freiras e novi\u00e7as. Em especial, quando outras jovens j\u00e1 est\u00e3o \u00e0 porta, esperando a pr\u00f3pria vez. Al\u00e9m disso, existem pedidos para \u201cest\u00e1gios no mosteiro\u201d e para cursos de forma\u00e7\u00e3o. Reformar a velha casa, n\u00e3o vale a pena. Prometemos um novo mosteiro que satisfa\u00e7a as modestas exig\u00eancias destas religiosas. E sem a ajuda de voc\u00eas, as seis contemplativas \u201cServas do Senhor e da Virgem Maria de Matara\u201d, em Burshtyn, na Ucr\u00e2nia, n\u00e3o conseguiriam enfrentar os compromissos financeiros. Um ter\u00e7o do dia \u00e9 dedicado \u00e0 ora\u00e7\u00e3o em comum, e acrescentem-se outras horas na clausura para rezar, estudar, ler a B\u00edblia. Tamb\u00e9m ali j\u00e1 est\u00e3o batendo \u00e0 porta muitas jovens que querem seguir o chamado de Deus. Todas elas sabem que ser chamado por Deus significa \u201cdeixar-se escolher por Jesus, para servir e n\u00e3o para ser servido\u201d (Papa Francisco). \u00c9 esse servi\u00e7o que enxuga as l\u00e1grimas.<\/p>\n<p style=\"text-align: justify;\">Fonte: AIS<\/p>\n","protected":false},"excerpt":{"rendered":"<p>Deixar-se escolher por Jesus: religiosas na Ucr\u00e2nia e suas postulantes. Deixar-se escolher por Jesus: religiosas na Ucr\u00e2nia e suas postulantes. Nunca deixeis de chorar. Quando secam as l\u00e1grimas a um sacerdote, a um religioso ou a uma religiosa, algo est\u00e1 errado. Chorar pelas pr\u00f3prias infidelidades, chorar pelo sofrimento do mundo, chorar pelas pessoas que s\u00e3o [&hellip;]<\/p>\n","protected":false},"author":1,"featured_media":0,"comment_status":"open","ping_status":"open","sticky":false,"template":"","format":"standard","meta":{"footnotes":""},"categories":[4],"tags":[],"class_list":["post-13634","post","type-post","status-publish","format-standard","hentry","category-cotidiano"],"_links":{"self":[{"href":"https:\/\/catolicanet.net\/wp-cnet\/wp-json\/wp\/v2\/posts\/13634","targetHints":{"allow":["GET"]}}],"collection":[{"href":"https:\/\/catolicanet.net\/wp-cnet\/wp-json\/wp\/v2\/posts"}],"about":[{"href":"https:\/\/catolicanet.net\/wp-cnet\/wp-json\/wp\/v2\/types\/post"}],"author":[{"embeddable":true,"href":"https:\/\/catolicanet.net\/wp-cnet\/wp-json\/wp\/v2\/users\/1"}],"replies":[{"embeddable":true,"href":"https:\/\/catolicanet.net\/wp-cnet\/wp-json\/wp\/v2\/comments?post=13634"}],"version-history":[{"count":1,"href":"https:\/\/catolicanet.net\/wp-cnet\/wp-json\/wp\/v2\/posts\/13634\/revisions"}],"predecessor-version":[{"id":26360,"href":"https:\/\/catolicanet.net\/wp-cnet\/wp-json\/wp\/v2\/posts\/13634\/revisions\/26360"}],"wp:attachment":[{"href":"https:\/\/catolicanet.net\/wp-cnet\/wp-json\/wp\/v2\/media?parent=13634"}],"wp:term":[{"taxonomy":"category","embeddable":true,"href":"https:\/\/catolicanet.net\/wp-cnet\/wp-json\/wp\/v2\/categories?post=13634"},{"taxonomy":"post_tag","embeddable":true,"href":"https:\/\/catolicanet.net\/wp-cnet\/wp-json\/wp\/v2\/tags?post=13634"}],"curies":[{"name":"wp","href":"https:\/\/api.w.org\/{rel}","templated":true}]}}