{"id":13632,"date":"2016-03-03T13:11:14","date_gmt":"2016-03-03T16:11:14","guid":{"rendered":"http:\/\/catolicanet.net\/wp-cnet\/2016\/03\/03\/intencoes-de-marco-familias-e-cristaos-perseguidos\/"},"modified":"2017-05-31T11:34:24","modified_gmt":"2017-05-31T14:34:24","slug":"intencoes-de-marco-familias-e-cristaos-perseguidos","status":"publish","type":"post","link":"https:\/\/catolicanet.net\/wp-cnet\/intencoes-de-marco-familias-e-cristaos-perseguidos\/","title":{"rendered":"Inten\u00e7\u00f5es de Mar\u00e7o: Fam\u00edlias e Crist\u00e3os Perseguidos"},"content":{"rendered":"<p style=\"text-align: justify;\"><img decoding=\"async\" src=\"http:\/\/catolicanet.com.br\/images\/stories\/geral\/dd5c623449414fc88253ba0a5cd4d3e1_xl.jpg\" border=\"0\" align=\"left\" \/>Inten\u00e7\u00f5es de Mar\u00e7o: Fam\u00edlias e Crist\u00e3os Perseguidos<\/p>\n<p>Neste m\u00eas de mar\u00e7o, a inten\u00e7\u00e3o universal do apostolado da ora\u00e7\u00e3o do Papa Francisco e sua inten\u00e7\u00e3o evangelizadora s\u00e3o dedicadas \u00e0s fam\u00edlias em dificuldade e aos crist\u00e3os discriminados e perseguidos.<\/p>\n<p>A inten\u00e7\u00e3o universal do apostolado da ora\u00e7\u00e3o do Santo Padre para o m\u00eas de mar\u00e7o de 2016 \u00e9: \u201cPara que as fam\u00edlias em dificuldade recebam os apoios necess\u00e1rios e as crian\u00e7as possam crescer em ambientes saud\u00e1veis e serenos\u201d. A inten\u00e7\u00e3o evangelizadora \u00e9: \u201cPara que os crist\u00e3os discriminados ou perseguidos por causa da sua f\u00e9 permane\u00e7am fortes e fi\u00e9is ao Evangelho, pela ora\u00e7\u00e3o incessante de toda a Igreja\u201d.<\/p>\n<p>O Apostolado da Ora\u00e7\u00e3o (AO) \u00e9 um caminho espiritual que a Igreja prop\u00f5e a todos os crist\u00e3os para os ajudar a ser amigos e ap\u00f3stolos de Jesus Ressuscitado na vida di\u00e1ria. Mais de 40 milh\u00f5es de pessoas, em 86 pa\u00edses, participam da rede mundial de ora\u00e7\u00e3o, com suas preces espec\u00edficas a cada m\u00eas, ao servi\u00e7o dos desafios da humanidade e da miss\u00e3o da Igreja.<\/p>\n<p style=\"text-align: justify;\">Fonte: AIS<\/p>\n","protected":false},"excerpt":{"rendered":"<p>Inten\u00e7\u00f5es de Mar\u00e7o: Fam\u00edlias e Crist\u00e3os Perseguidos Neste m\u00eas de mar\u00e7o, a inten\u00e7\u00e3o universal do apostolado da ora\u00e7\u00e3o do Papa Francisco e sua inten\u00e7\u00e3o evangelizadora s\u00e3o dedicadas \u00e0s fam\u00edlias em dificuldade e aos crist\u00e3os discriminados e perseguidos. A inten\u00e7\u00e3o universal do apostolado da ora\u00e7\u00e3o do Santo Padre para o m\u00eas de mar\u00e7o de 2016 \u00e9: [&hellip;]<\/p>\n","protected":false},"author":1,"featured_media":0,"comment_status":"open","ping_status":"open","sticky":false,"template":"","format":"standard","meta":{"footnotes":""},"categories":[4],"tags":[],"class_list":["post-13632","post","type-post","status-publish","format-standard","hentry","category-cotidiano"],"_links":{"self":[{"href":"https:\/\/catolicanet.net\/wp-cnet\/wp-json\/wp\/v2\/posts\/13632","targetHints":{"allow":["GET"]}}],"collection":[{"href":"https:\/\/catolicanet.net\/wp-cnet\/wp-json\/wp\/v2\/posts"}],"about":[{"href":"https:\/\/catolicanet.net\/wp-cnet\/wp-json\/wp\/v2\/types\/post"}],"author":[{"embeddable":true,"href":"https:\/\/catolicanet.net\/wp-cnet\/wp-json\/wp\/v2\/users\/1"}],"replies":[{"embeddable":true,"href":"https:\/\/catolicanet.net\/wp-cnet\/wp-json\/wp\/v2\/comments?post=13632"}],"version-history":[{"count":1,"href":"https:\/\/catolicanet.net\/wp-cnet\/wp-json\/wp\/v2\/posts\/13632\/revisions"}],"predecessor-version":[{"id":26362,"href":"https:\/\/catolicanet.net\/wp-cnet\/wp-json\/wp\/v2\/posts\/13632\/revisions\/26362"}],"wp:attachment":[{"href":"https:\/\/catolicanet.net\/wp-cnet\/wp-json\/wp\/v2\/media?parent=13632"}],"wp:term":[{"taxonomy":"category","embeddable":true,"href":"https:\/\/catolicanet.net\/wp-cnet\/wp-json\/wp\/v2\/categories?post=13632"},{"taxonomy":"post_tag","embeddable":true,"href":"https:\/\/catolicanet.net\/wp-cnet\/wp-json\/wp\/v2\/tags?post=13632"}],"curies":[{"name":"wp","href":"https:\/\/api.w.org\/{rel}","templated":true}]}}