{"id":13630,"date":"2016-03-04T03:00:00","date_gmt":"2016-03-04T06:00:00","guid":{"rendered":"http:\/\/catolicanet.net\/wp-cnet\/2016\/03\/04\/alegra-te\/"},"modified":"2017-05-08T15:32:12","modified_gmt":"2017-05-08T18:32:12","slug":"alegra-te","status":"publish","type":"post","link":"https:\/\/catolicanet.net\/wp-cnet\/alegra-te\/","title":{"rendered":"Alegra-te!"},"content":{"rendered":"<p style=\"text-align: justify;\">O IV Domingo da Quaresma \u00e9 chamado de Domingo \u201cLaetare\u201d- alegra-te! Na Ant\u00edfona de Entrada do missal romano, est\u00e1 escrito, para esta Missa: \u201cAlegra-te, Jerusal\u00e9m! Reuni-vos, v\u00f3s todos que a amais; v\u00f3s, que estais tristes, exultai de alegria! Saciai-vos com a abund\u00e2ncia de suas consola\u00e7\u00f5es\u201d. S\u00e3o palavras do Profeta Isa\u00edas, no cap\u00edtulo 66, 10s. <br \/>Este convite \u00e0 alegria a essa altura da Quaresma, e logo ap\u00f3s as \u201c24 horas para o Senhor\u201d \u00e9 muito oportuno! Pensando nos nossos pecados, em tantas de nossas infidelidades e esc\u00e2ndalos que nos cortam o cora\u00e7\u00e3o, poder\u00edamos ser tentados a desanimar, em pensar que n\u00e3o temos solu\u00e7\u00e3o e na dificuldade em debelar o mal que se incrusta no nosso cora\u00e7\u00e3o.<br \/> O Senhor nos convida \u00e0 alegria; convida a Igreja, nova e eterna Jerusal\u00e9m, \u00e0 alegria, convida-nos a n\u00f3s, que amamos a M\u00e3e cat\u00f3lica \u2013 t\u00e3o sofrida pelas fraquezas de seus filhos \u2013, convida-nos a n\u00f3s \u00e0 alegria: \u201cReuni-vos, v\u00f3s todos que a amais; v\u00f3s, que estais tristes, exultai de alegria! Saciai-vos com a abund\u00e2ncia de suas consola\u00e7\u00f5es\u201d. Quais seriam as consola\u00e7\u00f5es da Igreja entre tanta desola\u00e7\u00e3o? Sem d\u00favida, aquelas que v\u00eam do Senhor que \u00e9 fiel, que Se entregou por n\u00f3s, que amou a Sua Igreja e nela permanece sempre com invenc\u00edvel fidelidade! E todo aquele que se une ao Senhor e nele permanece pode experimentar tal consola\u00e7\u00e3o.<br \/> A Primeira Leitura deste domingo recorda a chegada dos israelitas \u00e0 Terra Prometida. Eles celebraram a P\u00e1scoa ao partirem do Egito e, agora, chegando \u00e0 Terra Santa, celebram-na novamente. A\u00ed, ent\u00e3o, o man\u00e1 deixou de cair do c\u00e9u. Coragem, tamb\u00e9m n\u00f3s: estamos a caminho: nossa Terra Prometida \u00e9 Cristo, nossa P\u00e1scoa \u00e9 Cristo, nosso man\u00e1 \u00e9 Cristo! Ele, para n\u00f3s, \u00e9, simplesmente, tudo! Est\u00e3o chegando os dias solenes de celebra\u00e7\u00e3o de sua P\u00e1scoa.<br \/> A Segunda Leitura, tirada da Carta de S\u00e3o Paulo aos Cor\u00edntios, nos ensina que, em Cristo, Deus reconciliou o mundo com Ele e fez de n\u00f3s criaturas novas. O mundo velho, marcado pelo pecado, desapareceu. Em nome de Cristo, Paulo anunciou: \u201cDeixai-vos reconciliar com Deus! Aquele que n\u00e3o cometeu nenhum pecado, Deus o fez pecado por n\u00f3s, para que Nele nos tornemos justi\u00e7a de Deus\u201d!<br \/> Quanto ao Evangelho, chama-nos aten\u00e7\u00e3o hoje a par\u00e1bola do filho pr\u00f3digo. Por que est\u00e1 ela a\u00ed, na Quaresma? Recordemos como Lucas come\u00e7a: \u201cNaquele tempo, os publicanos e pecadores aproximavam-se de Jesus para escut\u00e1-Lo. Os fariseus, por\u00e9m, e os escribas criticavam Jesus. \u2018Este homem acolhe os pecadores e faz refei\u00e7\u00e3o com eles\u2019\u201d. Ent\u00e3o: de um lado, os pecadores, miser\u00e1veis sem esperan\u00e7a ante Deus e ante os homens, que, agora, cheios de esperan\u00e7a nova e alegria, aproximam-se de Jesus, que se mostra t\u00e3o misericordioso e compassivo. Do outro lado, os homens de religi\u00e3o, os praticantes, que sentem como que ci\u00fame e recriminam duramente Jesus! \u00c9 para estes que Jesus conta a par\u00e1bola, para explicar-lhes que o Seu modo de agir, ao receber os pecadores, \u00e9 o modo de agir de Deus.<br \/> O cap\u00edtulo quinze do Evangelho segundo S\u00e3o Lucas contem tr\u00eas par\u00e1bolas chamadas \u201cda miseric\u00f3rdia\u201d: a ovelha perdida, a moeda perdida e o filho perdido. Tudo perdido! Mas, se invertermos o quadro temos o bom pastor que busca a ovelha, a boa mulher que busca a sua moeda e o bom pai misericordioso que espera e ama o seu filho pr\u00f3digo. <br \/> Tanto o pastor quanto a mulher t\u00eam atitudes que n\u00e3o s\u00e3o nada comuns; o mesmo diga-se do pai do filho pr\u00f3digo. Nem naqueles tempos nem hoje em dia se atuaria dessa maneira! Pense comigo: se voc\u00ea fosse um pastor e tivesse cem ovelhas, delas perdesse somente uma, ser\u00e1 que deixaria as noventa e nove sozinhas, com perigo de se perderem, para procurar somente aquela desgarrada? Ser\u00e1 que \u00e9 l\u00f3gico deixar noventa e nove ovelhas sozinhas e procurar somente uma? Eu, pelo menos, deixaria a pobre ovelha pra l\u00e1, n\u00e3o correria o risco de perder noventa e nove ovelhinhas por causa de uma. E se voc\u00ea tivesse dez moedas e perdesse uma, faria como aquela mulher da par\u00e1bola: acenderia a luz, varreria a casa, colocando-a quase de cabe\u00e7a para baixo, para encontrar a \u00fanica moedinha perdida? Como se n\u00e3o bastasse: convidaria os amigos para dar uma not\u00edcia t\u00e3o ef\u00eamera como essa do encontro de uma m\u00edsera moeda? \u00a0\u00a0\u00a0 <br \/>A l\u00f3gica do Evangelho \u00e9 outra! Sem contrapor a justi\u00e7a \u00e0 miseric\u00f3rdia, a par\u00e1bola nos apresenta um pai que n\u00e3o \u00e9 o comum dos pais dessa Terra, mas o pai que s\u00f3 pode ser Deus. O Papa Francisco est\u00e1 sempre lembrando que Deus n\u00e3o se cansa de perdoar, e somos n\u00f3s que nos cansamos de pedir perd\u00e3o. Este \u00e9 o motivo de grande alegria! Ele \u00e9 o nosso Pai, cheio de amor para conosco. N\u00f3s, culpados e pecadores, cheios de boas inten\u00e7\u00f5es e, tamb\u00e9m, cheios de inten\u00e7\u00f5es torcidas e m\u00e1s a\u00e7\u00f5es, somos os queridos de Deus. J\u00e1 est\u00e1 justificada a nossa alegria para todo o dia de hoje: Deus \u00e9 Pai! Eu sou seu filho! Deus \u00e9 muito bom, e os sacerdotes, no Sacramento da Penit\u00eancia, t\u00eam o Cora\u00e7\u00e3o de Deus e, por isso, compreendem sempre. Essa \u00e9 a recomenda\u00e7\u00e3o do Papa Francisco aos padres: acolham com carinho o que se aproxima do Sacramento da Penit\u00eancia. \u00c9 o rosto misericordioso de Deus que, em Cristo, se manifesta como perd\u00e3o atrav\u00e9s da Igreja. Por isso, n\u00e3o tenha medo, e caso ainda n\u00e3o se confessou, esta \u00e9 a oportunidade. <br \/>Como embaixadores de Cristo, n\u00f3s vos suplicamos: deixai-vos reconciliar com Deus! \u00c9 este o tempo, \u00e9 este o momento da gra\u00e7a. Quem est\u00e1 em Cristo \u00e9 uma nova criatura e pode ser fermento na massa de um mundo novo. O mundo velho desapareceu e tudo se faz novo&#8230; Alegra-te, povo de Deus, exultai de alegria!<\/p>\n","protected":false},"excerpt":{"rendered":"<p>O IV Domingo da Quaresma \u00e9 chamado de Domingo \u201cLaetare\u201d- alegra-te! Na Ant\u00edfona de Entrada do missal romano, est\u00e1 escrito, para esta Missa: \u201cAlegra-te, Jerusal\u00e9m! Reuni-vos, v\u00f3s todos que a amais; v\u00f3s, que estais tristes, exultai de alegria! Saciai-vos com a abund\u00e2ncia de suas consola\u00e7\u00f5es\u201d. S\u00e3o palavras do Profeta Isa\u00edas, no cap\u00edtulo 66, 10s. Este [&hellip;]<\/p>\n","protected":false},"author":5,"featured_media":0,"comment_status":"open","ping_status":"open","sticky":false,"template":"","format":"standard","meta":{"footnotes":""},"categories":[9],"tags":[],"class_list":["post-13630","post","type-post","status-publish","format-standard","hentry","category-artigos"],"_links":{"self":[{"href":"https:\/\/catolicanet.net\/wp-cnet\/wp-json\/wp\/v2\/posts\/13630","targetHints":{"allow":["GET"]}}],"collection":[{"href":"https:\/\/catolicanet.net\/wp-cnet\/wp-json\/wp\/v2\/posts"}],"about":[{"href":"https:\/\/catolicanet.net\/wp-cnet\/wp-json\/wp\/v2\/types\/post"}],"author":[{"embeddable":true,"href":"https:\/\/catolicanet.net\/wp-cnet\/wp-json\/wp\/v2\/users\/5"}],"replies":[{"embeddable":true,"href":"https:\/\/catolicanet.net\/wp-cnet\/wp-json\/wp\/v2\/comments?post=13630"}],"version-history":[{"count":1,"href":"https:\/\/catolicanet.net\/wp-cnet\/wp-json\/wp\/v2\/posts\/13630\/revisions"}],"predecessor-version":[{"id":21666,"href":"https:\/\/catolicanet.net\/wp-cnet\/wp-json\/wp\/v2\/posts\/13630\/revisions\/21666"}],"wp:attachment":[{"href":"https:\/\/catolicanet.net\/wp-cnet\/wp-json\/wp\/v2\/media?parent=13630"}],"wp:term":[{"taxonomy":"category","embeddable":true,"href":"https:\/\/catolicanet.net\/wp-cnet\/wp-json\/wp\/v2\/categories?post=13630"},{"taxonomy":"post_tag","embeddable":true,"href":"https:\/\/catolicanet.net\/wp-cnet\/wp-json\/wp\/v2\/tags?post=13630"}],"curies":[{"name":"wp","href":"https:\/\/api.w.org\/{rel}","templated":true}]}}