{"id":13627,"date":"2016-03-02T19:12:06","date_gmt":"2016-03-02T22:12:06","guid":{"rendered":"http:\/\/catolicanet.net\/wp-cnet\/2016\/03\/02\/cardeal-pell-nao-estive-envolvido-nos-encobrimentos-de-abusos-sexuais-de-menores\/"},"modified":"2017-05-31T11:34:24","modified_gmt":"2017-05-31T14:34:24","slug":"cardeal-pell-nao-estive-envolvido-nos-encobrimentos-de-abusos-sexuais-de-menores","status":"publish","type":"post","link":"https:\/\/catolicanet.net\/wp-cnet\/cardeal-pell-nao-estive-envolvido-nos-encobrimentos-de-abusos-sexuais-de-menores\/","title":{"rendered":"Cardeal Pell: n\u00e3o estive envolvido nos encobrimentos de abusos sexuais de menores"},"content":{"rendered":"<p style=\"text-align: justify;\"><img decoding=\"async\" src=\"http:\/\/catolicanet.com.br\/images\/stories\/geral\/cardenalpell_mat.jpg\" border=\"0\" align=\"left\" \/>No primeiro dia de seu testemunho em v\u00eddeo para a investiga\u00e7\u00e3o da Comiss\u00e3o Real da Austr\u00e1lia sobre a resposta institucional para casos de abusos sexuais, o Cardeal George Pell disse que apesar de a Igreja ter cometido \u201cenormes erros\u201d no manejo de casos de abusos, ele n\u00e3o teve participa\u00e7\u00e3o em nenhum encobrimento.<\/p>\n<p>\u201cDeixe-me s\u00f3 dizer isso, como um esclarecimento inicial, e que eu n\u00e3o estou aqui para defender o indefens\u00e1vel\u201d, disse o Cardeal Pell durante a audi\u00eancia.<\/p>\n<p>A Igreja \u201ccometeu enormes erros e est\u00e1 trabalhando para resolv\u00ea-los\u201d, admitiu, acrescentando que em muitos lugares, certamente na Austr\u00e1lia, a Igreja \u201cnegligenciou as coisas, decepcionou as pessoas\u201d.<\/p>\n<p>Entretanto, tamb\u00e9m reconheceu que \u201cexistem muitos poucos pa\u00edses no mundo que avan\u00e7aram tanto como a Igreja Cat\u00f3lica fez na Austr\u00e1lia, em rela\u00e7\u00e3o a instaura\u00e7\u00e3o de procedimentos h\u00e1 aproximadamente 20 anos\u201d.<\/p>\n<p>O Cardeal Pell \u00e9 membro do Conselho de Cardeais que assessoram o Papa Francisco e foi Arcebispo das arquidioceses australianas de Sydney e Melbourne. Tamb\u00e9m \u00e9 Prefeito da recentemente criada Secretaria para a Economia que supervisa as finan\u00e7as do Vaticano.<\/p>\n<p>Atualmente est\u00e1 atestando ante a Comiss\u00e3o Real da Austr\u00e1lia sobre acusa\u00e7\u00f5es que surgiram durante o ano passado, as quais culpam o Cardeal de transferir o \u201cconhecido ped\u00f3filo\u201d Gerald Ridsdale, de subornar uma v\u00edtima do posteriormente destitu\u00eddo sacerdote e de ignorar a queixa de uma v\u00edtima.<\/p>\n<p>A Comiss\u00e3o Real, estabelecida em 2013, est\u00e1 dedicada a investigar respostas institucionais ao abuso sexual infantil na Austr\u00e1lia.<\/p>\n<p>Apesar de haver declarado ante a comiss\u00e3o duas vezes no passado, sob as mesmas acusa\u00e7\u00f5es, o Cardeal foi novamente chamado para declarar na Austr\u00e1lia no m\u00eas de dezembro. Entretanto, o m\u00e9dico do Cardeal desaconselhou a longa viagem da It\u00e1lia \u00e0 Austr\u00e1lia, devido a problemas de sa\u00fade.<\/p>\n<p>Como resultado, o Cardeal Pell voluntariamente ofereceu dar seu testemunho em Roma, atrav\u00e9s de uma videoconfer\u00eancia. Esta proposta foi aceita.<\/p>\n<p>A audi\u00eancia come\u00e7ou com uma sess\u00e3o de quatro horas realizada em 28 de fevereiro \u00e0 noite (hora de Roma). Calcula-se que ser\u00e3o realizadas mais sess\u00e3o at\u00e9 o dia 2 de mar\u00e7o.<\/p>\n<p>A audi\u00eancia focou principalmente no per\u00edodo em que o Cardeal Pell era sacerdote na cidade de Ballarat, e como respondeu a Arquidiocese de Melbourne \u00e0s acusa\u00e7\u00f5es de abusos, inclusive no per\u00edodo em que o Cardeal serviu como Bispo auxiliar dessa Arquidiocese.<\/p>\n<p>O Cardeal Pell foi ordenado na Diocese de Ballarat em 1966, onde serviu como sacerdote e logo como consultor do Bispo Ronald Mulkearns, que governou a Diocese entre os anos 1971 e 1997. Pell foi designado Bispo auxiliar para a Arquidiocese de Melbourne em 1987, e nomeado Arcebispo em 1996.\u00a0\u00a0\u00a0\u00a0\u00a0\u00a0\u00a0\u00a0\u00a0\u00a0\u00a0\u00a0\u00a0\u00a0\u00a0\u00a0\u00a0\u00a0\u00a0\u00a0\u00a0\u00a0\u00a0\u00a0\u00a0\u00a0\u00a0\u00a0\u00a0\u00a0\u00a0\u00a0\u00a0\u00a0\u00a0\u00a0\u00a0\u00a0\u00a0\u00a0\u00a0\u00a0\u00a0\u00a0\u00a0\u00a0\u00a0\u00a0\u00a0\u00a0\u00a0\u00a0\u00a0\u00a0\u00a0\u00a0\u00a0\u00a0\u00a0\u00a0\u00a0 <\/p>\n<p>Gail Furness, advogado principal que assiste a comiss\u00e3o, perguntou ao Cardeal Pell sobre os atuais esfor\u00e7os do Vaticano a fim de combater o esc\u00e2ndalo de abuso de menores e sobre como lutou com as acusa\u00e7\u00f5es de abusos durante seu trabalho como educador e conselheiro de Dom Mulkearns.<\/p>\n<p>Agora com 85 anos, o aposentado Bispo Mulkearns \u00e9 conhecido por ter transferido entre v\u00e1rias par\u00f3quias Gerald Ridsdale, um dos abusadores mais conhecidos, durante muitos anos, estando completamente consciente dos abusos do ex-sacerdote.<\/p>\n<p>Ridsdale \u00e9 conhecido por ter cometido mais de 130 delitos enquanto era capel\u00e3o na escola S\u00e3o Al\u00edpio em Ballarat, entre as d\u00e9cadas de 1960 e 1980.<\/p>\n<p>O pr\u00f3prio Cardeal Pell viveu com Ridsdale em um semin\u00e1rio, no in\u00edcio da d\u00e9cada de 1970, mas sublinhou que nesse momento n\u00e3o conhecia os crimes do sacerdote.<\/p>\n<p>O Cardeal expressou tamb\u00e9m sua cr\u00edtica pela forma como Dom Mulkearns lutou com o caso de Ridsdale, dizendo que foi \u201cuma cat\u00e1strofe para as v\u00edtimas e para a Igreja\u201d.<\/p>\n<p>Mulkearns, disse, \u201ctransferiu\u201d Ridsdale e lhe deu \u201cv\u00e1rias oportunidades e, pelo menos no in\u00edcio, confiou excessivamente nos poss\u00edveis benef\u00edcios da ajuda psicol\u00f3gica\u201d.<\/p>\n<p>\u201cCaso tivesse realizado uma a\u00e7\u00e3o efetiva mais cedo, uma enorme quantidade de sofrimento poderia ter sido evitada\u201d, disse o Cardeal Pell e assinalou que nesse momento tamb\u00e9m n\u00e3o sabia que Dom Mulkearns era consciente dos abusos cometidos por Ridsdale.<\/p>\n<p>Al\u00e9m do caso de Ridsdale, outro processo sobre o qual o Cardeal Pell foi interrogado foi o do Pe. Paul David Ryan, que em 2006 foi preso por tr\u00eas acusa\u00e7\u00f5es de atentado contra o pudor e sobre numerosas acusa\u00e7\u00f5es contra membros dos Irm\u00e3os Crist\u00e3os, que estavam ensinando em escolas cat\u00f3licas durante essa \u00e9poca.<\/p>\n<p>Nesse sentido, o Cardeal Pell reconheceu que houve uma tend\u00eancia de mobilizar os conhecidos sacerdotes ped\u00f3filos, inclusive Ryan e Ridsdale, durante o governo pastoral de Mulkearns, e disse que o Bispo seria um bom candidato para comparecer ante o novo tribunal do Vaticano na Congrega\u00e7\u00e3o para a Doutrina da F\u00e9.<\/p>\n<p>Em junho de 2015, o Papa Francisco aprovou a cria\u00e7\u00e3o de um tribunal especial dentro da congrega\u00e7\u00e3o para julgar especificamente os bispos acusados de proteger sacerdotes que abusaram sexualmente de menores.<\/p>\n<p>Ao ser interrogado acerca da atual postura do Vaticano em termos de reportar abusos de menores, o Cardeal Pell sublinhou: \u201cA lei do pa\u00eds deve ser seguida\u201d.<\/p>\n<p>Em um comunicado publicado em 28 de fevereiro, o Cardeal enfatizou seu apoio ao trabalho da comiss\u00e3o e disse que estaria dispon\u00edvel para reunir-se com as v\u00edtimas de abusos que chegaram a Roma para a audi\u00eancia.<\/p>\n<p>Al\u00e9m disso, o Cardeal expressou que tem a esperan\u00e7a de que nos pr\u00f3ximos dias \u201ceventualmente levar\u00e3o cura a todos\u201d, e disse que colocou um la\u00e7o amarelo na grade da Gruta de Nossa Senhora de Lourdes dentro dos Jardins Vaticanos, como um sinal de solidariedade com a iniciativa \u201cLoud Fence\u201d, lan\u00e7ada em Ballarat a fim de apoiar as v\u00edtimas de abusos.<\/p>\n<p style=\"text-align: justify;\">Fonte: Acidigital<\/p>\n","protected":false},"excerpt":{"rendered":"<p>No primeiro dia de seu testemunho em v\u00eddeo para a investiga\u00e7\u00e3o da Comiss\u00e3o Real da Austr\u00e1lia sobre a resposta institucional para casos de abusos sexuais, o Cardeal George Pell disse que apesar de a Igreja ter cometido \u201cenormes erros\u201d no manejo de casos de abusos, ele n\u00e3o teve participa\u00e7\u00e3o em nenhum encobrimento. \u201cDeixe-me s\u00f3 dizer [&hellip;]<\/p>\n","protected":false},"author":1,"featured_media":0,"comment_status":"open","ping_status":"open","sticky":false,"template":"","format":"standard","meta":{"footnotes":""},"categories":[4],"tags":[],"class_list":["post-13627","post","type-post","status-publish","format-standard","hentry","category-cotidiano"],"_links":{"self":[{"href":"https:\/\/catolicanet.net\/wp-cnet\/wp-json\/wp\/v2\/posts\/13627","targetHints":{"allow":["GET"]}}],"collection":[{"href":"https:\/\/catolicanet.net\/wp-cnet\/wp-json\/wp\/v2\/posts"}],"about":[{"href":"https:\/\/catolicanet.net\/wp-cnet\/wp-json\/wp\/v2\/types\/post"}],"author":[{"embeddable":true,"href":"https:\/\/catolicanet.net\/wp-cnet\/wp-json\/wp\/v2\/users\/1"}],"replies":[{"embeddable":true,"href":"https:\/\/catolicanet.net\/wp-cnet\/wp-json\/wp\/v2\/comments?post=13627"}],"version-history":[{"count":1,"href":"https:\/\/catolicanet.net\/wp-cnet\/wp-json\/wp\/v2\/posts\/13627\/revisions"}],"predecessor-version":[{"id":26364,"href":"https:\/\/catolicanet.net\/wp-cnet\/wp-json\/wp\/v2\/posts\/13627\/revisions\/26364"}],"wp:attachment":[{"href":"https:\/\/catolicanet.net\/wp-cnet\/wp-json\/wp\/v2\/media?parent=13627"}],"wp:term":[{"taxonomy":"category","embeddable":true,"href":"https:\/\/catolicanet.net\/wp-cnet\/wp-json\/wp\/v2\/categories?post=13627"},{"taxonomy":"post_tag","embeddable":true,"href":"https:\/\/catolicanet.net\/wp-cnet\/wp-json\/wp\/v2\/tags?post=13627"}],"curies":[{"name":"wp","href":"https:\/\/api.w.org\/{rel}","templated":true}]}}