{"id":13625,"date":"2016-03-02T18:52:58","date_gmt":"2016-03-02T21:52:58","guid":{"rendered":"http:\/\/catolicanet.net\/wp-cnet\/2016\/03\/02\/cidadania-italiana-acordo-vai-reduzir-burocracia-nos-consulados-no-brasil\/"},"modified":"2017-05-30T10:01:53","modified_gmt":"2017-05-30T13:01:53","slug":"cidadania-italiana-acordo-vai-reduzir-burocracia-nos-consulados-no-brasil","status":"publish","type":"post","link":"https:\/\/catolicanet.net\/wp-cnet\/cidadania-italiana-acordo-vai-reduzir-burocracia-nos-consulados-no-brasil\/","title":{"rendered":"Cidadania italiana: acordo vai reduzir burocracia nos consulados no Brasil"},"content":{"rendered":"<p style=\"text-align: justify;\"><img decoding=\"async\" src=\"http:\/\/catolicanet.com.br\/images\/stories\/geral\/rv13813_articolo.jpg\" border=\"0\" align=\"left\" \/>A recente ades\u00e3o do Brasil ao Pacto de Haia, que extingue a legaliza\u00e7\u00e3o de documentos civis nacionais para processos no exterior, ter\u00e1 incid\u00eancia direta sobre o tempo do processo de reconhecimento de cidadania nos consulados italianos no Brasil.<\/p>\n<p>\u201cA burocracia do processo vai cair em torno de 50%\u201d, afirmou em entrevista \u00e0 R\u00e1dio Vaticano a deputada no Parlamento italiano, Renata Bueno.<\/p>\n<p>O prazo para a emiss\u00e3o da regulamenta\u00e7\u00e3o brasileira do acordo \u00e9 de 8 meses, e dever\u00e1 entrar em vigor junto com a regulamenta\u00e7\u00e3o internacional, a partir de julho de 2016.<\/p>\n<p>Atualmente, em m\u00e9dia, a espera para obter o reconhecimento da cidadania italiana por meio de uma das 7 ag\u00eancias consulares italianas no Brasil, \u00e9 de cerca de 10 anos.<\/p>\n<p>\u201cEste ano tamb\u00e9m conseguimos que o governo italiano mande mais 2 milh\u00f5es de euros para que os consulados possam melhorar os servi\u00e7os. Temos feito o poss\u00edvel para que esta situa\u00e7\u00e3o cr\u00edtica ao menos melhore\u201d, enfatizou a deputada \u00edtalo-brasileira eleita na circunscri\u00e7\u00e3o eleitoral italiana da Am\u00e9rica Meridional.<\/p>\n<p>O processo de reconhecimento da cidadania italiana pode ser feito tanto no Brasil como na It\u00e1lia. Todavia, com as grandes filas enfrentadas nos consulados no Brasil, a deputada afirma que na It\u00e1lia o processo \u00e9 mais r\u00e1pido.<\/p>\n<p>\u201cConv\u00e9m fazer na It\u00e1lia. Mas isso tem um custo, principalmente de estar aqui, de \u2018morar\u2019 na It\u00e1lia. Mesmo assim, quem faz pelo Brasil tamb\u00e9m tem que pagar uma taxa de 300 euros por cada pedido, o que n\u00e3o acontece na It\u00e1lia\u201d, recordou Bueno.<\/p>\n<p>Informa\u00e7\u00f5es completas sobre o reconhecimento da cidadania italiana podem ser encontrados no site do Minist\u00e9rio das Rela\u00e7\u00f5es Exteriores italiano.<\/p>\n<p style=\"text-align: justify;\">Fonte: R\u00e1dio Vaticano<\/p>\n","protected":false},"excerpt":{"rendered":"<p>A recente ades\u00e3o do Brasil ao Pacto de Haia, que extingue a legaliza\u00e7\u00e3o de documentos civis nacionais para processos no exterior, ter\u00e1 incid\u00eancia direta sobre o tempo do processo de reconhecimento de cidadania nos consulados italianos no Brasil. \u201cA burocracia do processo vai cair em torno de 50%\u201d, afirmou em entrevista \u00e0 R\u00e1dio Vaticano a [&hellip;]<\/p>\n","protected":false},"author":1,"featured_media":0,"comment_status":"open","ping_status":"open","sticky":false,"template":"","format":"standard","meta":{"footnotes":""},"categories":[4],"tags":[],"class_list":["post-13625","post","type-post","status-publish","format-standard","hentry","category-cotidiano"],"_links":{"self":[{"href":"https:\/\/catolicanet.net\/wp-cnet\/wp-json\/wp\/v2\/posts\/13625","targetHints":{"allow":["GET"]}}],"collection":[{"href":"https:\/\/catolicanet.net\/wp-cnet\/wp-json\/wp\/v2\/posts"}],"about":[{"href":"https:\/\/catolicanet.net\/wp-cnet\/wp-json\/wp\/v2\/types\/post"}],"author":[{"embeddable":true,"href":"https:\/\/catolicanet.net\/wp-cnet\/wp-json\/wp\/v2\/users\/1"}],"replies":[{"embeddable":true,"href":"https:\/\/catolicanet.net\/wp-cnet\/wp-json\/wp\/v2\/comments?post=13625"}],"version-history":[{"count":1,"href":"https:\/\/catolicanet.net\/wp-cnet\/wp-json\/wp\/v2\/posts\/13625\/revisions"}],"predecessor-version":[{"id":24439,"href":"https:\/\/catolicanet.net\/wp-cnet\/wp-json\/wp\/v2\/posts\/13625\/revisions\/24439"}],"wp:attachment":[{"href":"https:\/\/catolicanet.net\/wp-cnet\/wp-json\/wp\/v2\/media?parent=13625"}],"wp:term":[{"taxonomy":"category","embeddable":true,"href":"https:\/\/catolicanet.net\/wp-cnet\/wp-json\/wp\/v2\/categories?post=13625"},{"taxonomy":"post_tag","embeddable":true,"href":"https:\/\/catolicanet.net\/wp-cnet\/wp-json\/wp\/v2\/tags?post=13625"}],"curies":[{"name":"wp","href":"https:\/\/api.w.org\/{rel}","templated":true}]}}