{"id":13622,"date":"2016-03-02T14:01:14","date_gmt":"2016-03-02T17:01:14","guid":{"rendered":"http:\/\/catolicanet.net\/wp-cnet\/2016\/03\/02\/desafio-midia-vaticana-atencao-a-quem-nao-dispoe-de-meios-tecnologicos\/"},"modified":"2017-06-02T10:11:51","modified_gmt":"2017-06-02T13:11:51","slug":"desafio-midia-vaticana-atencao-a-quem-nao-dispoe-de-meios-tecnologicos","status":"publish","type":"post","link":"https:\/\/catolicanet.net\/wp-cnet\/desafio-midia-vaticana-atencao-a-quem-nao-dispoe-de-meios-tecnologicos\/","title":{"rendered":"Desafio m\u00eddia vaticana: aten\u00e7\u00e3o a quem n\u00e3o disp\u00f5e de meios tecnol\u00f3gicos"},"content":{"rendered":"<p style=\"text-align: justify;\"><img decoding=\"async\" src=\"http:\/\/catolicanet.com.br\/images\/stories\/geral\/reuters1137225_articolo.jpg\" border=\"0\" align=\"left\" \/>A R\u00e1dio Vaticano \u201cn\u00e3o \u00e9 uma r\u00e1dio grande e potente, segundo os crit\u00e9rios do mundo, mas \u00e9 importante aos olhos de Deus e de tantos fi\u00e9is\u201d, porque \u201colha as coisas\u201d segundo a \u00f3tica do Papa.<\/p>\n<p>Foi o que disse o substituto dos Assuntos Gerais da Secretaria de Estado, Dom Giovanni Angelo Becciu, na cerim\u00f4nia de despedida de Pe. Federico Lombardi e de Alberto Gasbarri, respectivamente, diretor geral e diretor administrativo. Ambos conclu\u00edram esta segunda-feira (29\/02) seu servi\u00e7o na emissora vaticana.<\/p>\n<p>Num momento de transforma\u00e7\u00e3o como o atual, \u201cse prospectam para a R\u00e1dio Vaticano novas esperan\u00e7as e novas tarefas \u2013 acrescentou o arcebispo \u2013, a finalidade espec\u00edfica, por\u00e9m, permanece a mesma: a evangeliza\u00e7\u00e3o, mediante a difus\u00e3o radiof\u00f4nica da mensagem crist\u00e3\u201d.<\/p>\n<p>Porque a miss\u00e3o espec\u00edfica da emissora pontif\u00edcia \u00e9 a de \u201colhar o mundo do ponto de vista da Santa S\u00e9, propondo uma leitura da realidade \u00e0 luz das palavras do Papa sobre grandes temas e as grandes quest\u00f5es que afligem a humanidade: a paz, a guerra, a pobreza, a justi\u00e7a, o ambiente, o afastamento de Deus e a necessidade da f\u00e9 e do Evangelho\u201d.<\/p>\n<p>Em seguida, o substituto para os Assuntos Gerais da Secretaria de Estado quis recordar que Pe. Lombardi e Gasbarri \u201cdedicaram uma parte consistente de suas vidas a servi\u00e7o deste importante instrumento de comunica\u00e7\u00e3o\u201d, para o an\u00fancio evang\u00e9lico, a defesa dos povos e dos direitos humanos.<\/p>\n<p>A prop\u00f3sito dos col\u00f3quios e dos encontros mantidos aos longo dos anos com o religioso jesu\u00edta, o prelado quis recordar como Pe. Lombardi \u201camava\u201d e \u201cdefendia\u201d a comunidade da R\u00e1dio Vaticano em seus direitos e em suas exig\u00eancias, \u201ccom todo o cora\u00e7\u00e3o, inclusive com palavras particulares, especiais\u201d.<\/p>\n<p>\u201cVia nisso todo o amor de Pe. Lombardi por voc\u00eas\u201d, disse o Arcebispo Becciu dirigindo-se aos funcion\u00e1rios da emissora do Papa.<\/p>\n<p>Nestes 25 anos de guia de Pe. Lombardi, observou o prelado, a R\u00e1dio Vaticano, \u201cjunto \u00e0s necess\u00e1rias amplifica\u00e7\u00f5es tecnol\u00f3gicas\u201d, manteve e desenvolveu a linha segundo a qual \u201cquem quer que a ouvisse no mundo, pudesse encontrar a perspectiva do Papa e da S\u00e9 Apost\u00f3lica em todo e qualquer pa\u00eds, regi\u00e3o, mesmo a mais remota\u201d.<\/p>\n<p>Portanto, ela \u00e9 \u201cum meio de comunica\u00e7\u00e3o social como os outros\u201d, mas, \u201cdiferente de todos os outros\u201d: \u00e9 \u201csingular, sui generis\u201d, ponderou.<\/p>\n<p>A aten\u00e7\u00e3o particular \u201caos \u00faltimos, \u00e0s pessoas menos equipadas tecnologicamente, aos oprimidos\u201d foi um elemento \u201cqualificador da dire\u00e7\u00e3o de Pe. Lombardi e constitui um desafio a ser levado em considera\u00e7\u00e3o no discernimento sobre a evolu\u00e7\u00e3o da comunica\u00e7\u00e3o vaticana\u201d, asseverou o Arcebispo Becciu.<\/p>\n<p style=\"text-align: justify;\">Fonte: R\u00e1dio Vaticano<\/p>\n","protected":false},"excerpt":{"rendered":"<p>A R\u00e1dio Vaticano \u201cn\u00e3o \u00e9 uma r\u00e1dio grande e potente, segundo os crit\u00e9rios do mundo, mas \u00e9 importante aos olhos de Deus e de tantos fi\u00e9is\u201d, porque \u201colha as coisas\u201d segundo a \u00f3tica do Papa. Foi o que disse o substituto dos Assuntos Gerais da Secretaria de Estado, Dom Giovanni Angelo Becciu, na cerim\u00f4nia de [&hellip;]<\/p>\n","protected":false},"author":1,"featured_media":0,"comment_status":"open","ping_status":"open","sticky":false,"template":"","format":"standard","meta":{"footnotes":""},"categories":[3],"tags":[],"class_list":["post-13622","post","type-post","status-publish","format-standard","hentry","category-vaticano"],"_links":{"self":[{"href":"https:\/\/catolicanet.net\/wp-cnet\/wp-json\/wp\/v2\/posts\/13622","targetHints":{"allow":["GET"]}}],"collection":[{"href":"https:\/\/catolicanet.net\/wp-cnet\/wp-json\/wp\/v2\/posts"}],"about":[{"href":"https:\/\/catolicanet.net\/wp-cnet\/wp-json\/wp\/v2\/types\/post"}],"author":[{"embeddable":true,"href":"https:\/\/catolicanet.net\/wp-cnet\/wp-json\/wp\/v2\/users\/1"}],"replies":[{"embeddable":true,"href":"https:\/\/catolicanet.net\/wp-cnet\/wp-json\/wp\/v2\/comments?post=13622"}],"version-history":[{"count":1,"href":"https:\/\/catolicanet.net\/wp-cnet\/wp-json\/wp\/v2\/posts\/13622\/revisions"}],"predecessor-version":[{"id":27852,"href":"https:\/\/catolicanet.net\/wp-cnet\/wp-json\/wp\/v2\/posts\/13622\/revisions\/27852"}],"wp:attachment":[{"href":"https:\/\/catolicanet.net\/wp-cnet\/wp-json\/wp\/v2\/media?parent=13622"}],"wp:term":[{"taxonomy":"category","embeddable":true,"href":"https:\/\/catolicanet.net\/wp-cnet\/wp-json\/wp\/v2\/categories?post=13622"},{"taxonomy":"post_tag","embeddable":true,"href":"https:\/\/catolicanet.net\/wp-cnet\/wp-json\/wp\/v2\/tags?post=13622"}],"curies":[{"name":"wp","href":"https:\/\/api.w.org\/{rel}","templated":true}]}}