{"id":13616,"date":"2016-03-02T13:09:38","date_gmt":"2016-03-02T16:09:38","guid":{"rendered":"http:\/\/catolicanet.net\/wp-cnet\/2016\/03\/02\/papa-francisco-nomeia-bispo-para-diocese-de-sao-raimundo-nonato\/"},"modified":"2017-05-26T16:15:30","modified_gmt":"2017-05-26T19:15:30","slug":"papa-francisco-nomeia-bispo-para-diocese-de-sao-raimundo-nonato","status":"publish","type":"post","link":"https:\/\/catolicanet.net\/wp-cnet\/papa-francisco-nomeia-bispo-para-diocese-de-sao-raimundo-nonato\/","title":{"rendered":"Papa Francisco nomeia bispo para diocese de S\u00e3o Raimundo Nonato"},"content":{"rendered":"<p style=\"text-align: justify;\"><img decoding=\"async\" src=\"http:\/\/catolicanet.com.br\/images\/stories\/geral\/domeduardo.jpg\" border=\"0\" align=\"left\" \/>Dom Eduardo Zielski foi transferido da diocese de Campo Maior<\/p>\n<p>O papa Francisco nomeou, nesta quarta-feira, dia 2 de mar\u00e7o, dom Eduardo Zielski para a diocese de S\u00e3o Raimundo Nonato, transferindo-o da diocese de Campo Maior (PI).<\/p>\n<p>A diocese de S\u00e3o Raimundo estava vacante desde junho de 2015, quando houve a transfer\u00eancia de dom Jo\u00e3o Santos Cardoso para Bom Jesus da Lapa (BA).<\/p>\n<p>Dom Eduardo Zielski \u00e9 polon\u00eas, natural de Brodnica, onde conclui os cursos de ensino fundamental e m\u00e9dio. A forma\u00e7\u00e3o em Filosofia e Teologia foi no Semin\u00e1rio Maior da cidade de Pelplin, na Pol\u00f4nia. <\/p>\n<p>Sua ordena\u00e7\u00e3o sacerdotal aconteceu em 21 de maio de 1972, em sua cidade, Brodnica. Em 1980, chega ao Brasil por meio da miss\u00e3o \u201cFidei Donum\u201d. Em Santa Catarina, participou do projeto Igrejas Irm\u00e3s das dioceses de Blumenau (SC) e Irec\u00ea (BA). A experi\u00eancia o motivou a se deslocar para o nordeste brasileiro, onde atuou em Irec\u00ea, Ibimirim (PE) e Tacatatu (PE).<\/p>\n<p>Em 2 de fevereiro de 2000 foi nomeado bispo de Campo Maior. Sua ordena\u00e7\u00e3o e posse aconteceram no dia 7 de maio do mesmo ano.<\/p>\n<p>Dom Eduardo \u00e9 bispo referencial para a Anima\u00e7\u00e3o B\u00edblico Catequ\u00e9tica do regional Nordeste 4 da CNBB<\/p>\n<p style=\"text-align: justify;\">Fonte: CNBB<\/p>\n","protected":false},"excerpt":{"rendered":"<p>Dom Eduardo Zielski foi transferido da diocese de Campo Maior O papa Francisco nomeou, nesta quarta-feira, dia 2 de mar\u00e7o, dom Eduardo Zielski para a diocese de S\u00e3o Raimundo Nonato, transferindo-o da diocese de Campo Maior (PI). A diocese de S\u00e3o Raimundo estava vacante desde junho de 2015, quando houve a transfer\u00eancia de dom Jo\u00e3o [&hellip;]<\/p>\n","protected":false},"author":1,"featured_media":0,"comment_status":"open","ping_status":"open","sticky":false,"template":"","format":"standard","meta":{"footnotes":""},"categories":[7],"tags":[],"class_list":["post-13616","post","type-post","status-publish","format-standard","hentry","category-cnbb"],"_links":{"self":[{"href":"https:\/\/catolicanet.net\/wp-cnet\/wp-json\/wp\/v2\/posts\/13616","targetHints":{"allow":["GET"]}}],"collection":[{"href":"https:\/\/catolicanet.net\/wp-cnet\/wp-json\/wp\/v2\/posts"}],"about":[{"href":"https:\/\/catolicanet.net\/wp-cnet\/wp-json\/wp\/v2\/types\/post"}],"author":[{"embeddable":true,"href":"https:\/\/catolicanet.net\/wp-cnet\/wp-json\/wp\/v2\/users\/1"}],"replies":[{"embeddable":true,"href":"https:\/\/catolicanet.net\/wp-cnet\/wp-json\/wp\/v2\/comments?post=13616"}],"version-history":[{"count":1,"href":"https:\/\/catolicanet.net\/wp-cnet\/wp-json\/wp\/v2\/posts\/13616\/revisions"}],"predecessor-version":[{"id":23847,"href":"https:\/\/catolicanet.net\/wp-cnet\/wp-json\/wp\/v2\/posts\/13616\/revisions\/23847"}],"wp:attachment":[{"href":"https:\/\/catolicanet.net\/wp-cnet\/wp-json\/wp\/v2\/media?parent=13616"}],"wp:term":[{"taxonomy":"category","embeddable":true,"href":"https:\/\/catolicanet.net\/wp-cnet\/wp-json\/wp\/v2\/categories?post=13616"},{"taxonomy":"post_tag","embeddable":true,"href":"https:\/\/catolicanet.net\/wp-cnet\/wp-json\/wp\/v2\/tags?post=13616"}],"curies":[{"name":"wp","href":"https:\/\/api.w.org\/{rel}","templated":true}]}}