{"id":13606,"date":"2016-03-01T13:21:55","date_gmt":"2016-03-01T16:21:55","guid":{"rendered":"http:\/\/catolicanet.net\/wp-cnet\/2016\/03\/01\/vozes-de-fe-marca-dia-internacional-da-mulher-no-vaticano\/"},"modified":"2017-06-02T14:39:19","modified_gmt":"2017-06-02T17:39:19","slug":"vozes-de-fe-marca-dia-internacional-da-mulher-no-vaticano","status":"publish","type":"post","link":"https:\/\/catolicanet.net\/wp-cnet\/vozes-de-fe-marca-dia-internacional-da-mulher-no-vaticano\/","title":{"rendered":"Vozes de F\u00e9 marca Dia Internacional da Mulher no Vaticano"},"content":{"rendered":"<p style=\"text-align: justify;\"><img decoding=\"async\" src=\"http:\/\/catolicanet.com.br\/images\/stories\/geral\/reuters1285534_articolo.jpg\" border=\"0\" align=\"left\" \/>O dia 8 de mar\u00e7o, Dia Internacional da Mulher, \u00e9 marcado no Vaticano pelo evento \u201cVozes de F\u00e9\u201d, um Festival de narra\u00e7\u00e3o feminina.<\/p>\n<p>Trata-se de um encontro organizado pela Funda\u00e7\u00e3o Fidel G\u00f6tz, e que re\u00fane na Casina Pio IV mulheres oriundas de v\u00e1rios pa\u00edses que contribuem para promover o papel feminino em suas realidades e a lideran\u00e7a das mulheres na Igreja.<\/p>\n<p>O tema da edi\u00e7\u00e3o 2016 \u00e9 \u201c A miseric\u00f3rdia requer coragem\u201d, e contar\u00e1 a participa\u00e7\u00e3o de mulheres provenientes de pa\u00edses como Filipinas, Qu\u00eania, Alemanha, Rep\u00fablica Democr\u00e1tica do Congo, Hong Kong, Estados Unidos, \u00cdndia e Rep. Tcheca.<\/p>\n<p>Al\u00e9m disso, esta terceira edi\u00e7\u00e3o apresentar\u00e1 uma novidade: uma parceria com o Servi\u00e7o Jesu\u00edta para Refugiados (JRS), para refor\u00e7ar a import\u00e2ncia da educa\u00e7\u00e3o, sobretudo para as meninas.<\/p>\n<p>Os testemunhos feitos no evento s\u00e3o intercalados com m\u00fasica ao vivo, e podem ser seguido atrav\u00e9s de streaming a partir das 15h00 UTC.<\/p>\n<p style=\"text-align: justify;\">Fonte: R\u00e1dio Vaticano<\/p>\n","protected":false},"excerpt":{"rendered":"<p>O dia 8 de mar\u00e7o, Dia Internacional da Mulher, \u00e9 marcado no Vaticano pelo evento \u201cVozes de F\u00e9\u201d, um Festival de narra\u00e7\u00e3o feminina. Trata-se de um encontro organizado pela Funda\u00e7\u00e3o Fidel G\u00f6tz, e que re\u00fane na Casina Pio IV mulheres oriundas de v\u00e1rios pa\u00edses que contribuem para promover o papel feminino em suas realidades e [&hellip;]<\/p>\n","protected":false},"author":1,"featured_media":0,"comment_status":"open","ping_status":"open","sticky":false,"template":"","format":"standard","meta":{"footnotes":""},"categories":[3],"tags":[],"class_list":["post-13606","post","type-post","status-publish","format-standard","hentry","category-vaticano"],"_links":{"self":[{"href":"https:\/\/catolicanet.net\/wp-cnet\/wp-json\/wp\/v2\/posts\/13606","targetHints":{"allow":["GET"]}}],"collection":[{"href":"https:\/\/catolicanet.net\/wp-cnet\/wp-json\/wp\/v2\/posts"}],"about":[{"href":"https:\/\/catolicanet.net\/wp-cnet\/wp-json\/wp\/v2\/types\/post"}],"author":[{"embeddable":true,"href":"https:\/\/catolicanet.net\/wp-cnet\/wp-json\/wp\/v2\/users\/1"}],"replies":[{"embeddable":true,"href":"https:\/\/catolicanet.net\/wp-cnet\/wp-json\/wp\/v2\/comments?post=13606"}],"version-history":[{"count":1,"href":"https:\/\/catolicanet.net\/wp-cnet\/wp-json\/wp\/v2\/posts\/13606\/revisions"}],"predecessor-version":[{"id":28707,"href":"https:\/\/catolicanet.net\/wp-cnet\/wp-json\/wp\/v2\/posts\/13606\/revisions\/28707"}],"wp:attachment":[{"href":"https:\/\/catolicanet.net\/wp-cnet\/wp-json\/wp\/v2\/media?parent=13606"}],"wp:term":[{"taxonomy":"category","embeddable":true,"href":"https:\/\/catolicanet.net\/wp-cnet\/wp-json\/wp\/v2\/categories?post=13606"},{"taxonomy":"post_tag","embeddable":true,"href":"https:\/\/catolicanet.net\/wp-cnet\/wp-json\/wp\/v2\/tags?post=13606"}],"curies":[{"name":"wp","href":"https:\/\/api.w.org\/{rel}","templated":true}]}}