{"id":13600,"date":"2016-02-29T19:32:27","date_gmt":"2016-02-29T22:32:27","guid":{"rendered":"http:\/\/catolicanet.net\/wp-cnet\/2016\/02\/29\/africa-minerais-de-sangue-apelo-aos-organismos-da-ue-por-uma-regulamentacao-eficaz\/"},"modified":"2017-05-31T11:34:26","modified_gmt":"2017-05-31T14:34:26","slug":"africa-minerais-de-sangue-apelo-aos-organismos-da-ue-por-uma-regulamentacao-eficaz","status":"publish","type":"post","link":"https:\/\/catolicanet.net\/wp-cnet\/africa-minerais-de-sangue-apelo-aos-organismos-da-ue-por-uma-regulamentacao-eficaz\/","title":{"rendered":"\u00c1FRICA &#8211; Minerais de sangue: apelo aos organismos da UE por uma regulamenta\u00e7\u00e3o eficaz"},"content":{"rendered":"<p style=\"text-align: justify;\">Roma (Ag\u00eancia Fides)- Duas semanas ap\u00f3s o in\u00edcio do \u2018Tri\u00e1logo\u2019, ou seja, das negocia\u00e7\u00f5es entre o Parlamento europeu, a Comiss\u00e3o europeia e os 28 Estados membros da Uni\u00e3o que formam o Conselho da Uni\u00e3o Europeia, a FOCSIV (Federa\u00e7\u00e3o dos Organismos Crist\u00e3os de Servi\u00e7o Internacional Volunt\u00e1rio) e o CIDSE, que re\u00fane uma s\u00e9rie de organiza\u00e7\u00f5es cat\u00f3licas internacionais engajadas com o desenvolvimento, convidam os Estados membros da Uni\u00e3o Europeia a considerar seriamente a quest\u00e3o dos minerais dos pa\u00edses em conflito e a n\u00e3o defender uma posi\u00e7\u00e3o que anteponha o lucro aos direitos.<br \/>\u201cO Conselho se op\u00f5e a uma lei baseada na abordagem obrigat\u00f3ria e \u00e9 favor\u00e1vel a um sistema volunt\u00e1rio e parcial, que n\u00e3o \u00e9 suficiente para resolver a quest\u00e3o dos minerais dos conflitos e a garantir que, por detr\u00e1s dos dispositivos eletr\u00f4nicos que utilizamos, n\u00e3o se escondam crimes e sofrimentos\u201d, afirma um comunicado enviado \u00e0 Ag\u00eancia Fides que destaca que \u00e9 poss\u00edvel extrair minerais na \u00c1frica respeitando os direitos dos minadores.<br \/>\u00c9 o caso da mineira Fungamwaka, na Rep\u00fablica Democr\u00e1tica do Congo, definida \u201cum exemplo de \u2018mina limpa\u2019, aonde o trabalho infantil \u00e9 proibido e n\u00e3o existem grupos rebeldes que se financiam cobrando impostos ilegais aos minadores\u201d.<br \/>Numa videomensagem, Dom Fridolin Ambongo Beseungu, Bispo de Bokungu-Ikela, afirma: &#8220;Fazemos votos realmente de que a posi\u00e7\u00e3o dos Estados-membros da Uni\u00e3o Europeia possa evoluir em dire\u00e7\u00e3o a um regulamento vinculante, porque, na minha opini\u00e3o, uma lei que n\u00e3o \u00e9 vinculante n\u00e3o \u00e9 uma lei&#8221;. Segundo Dom Ambongo, os Estados-membros da UE s\u00e3o mais sens\u00edveis a quest\u00f5es econ\u00f4micas e menos sens\u00edveis \u00e0 dimens\u00e3o humanit\u00e1ria e aos aspectos \u00e9ticos e morais ligados \u00e0 explora\u00e7\u00e3o miner\u00e1ria. Dom Ambongo destaca que a falta de uma verdadeira legisla\u00e7\u00e3o sobre o tema do conflito de min\u00e9rios p\u00f5e um problema para os consumidores: &#8220;Utilizar um produto sem saber de onde prov\u00e9m, com o risco de que possa vir de uma regi\u00e3o de conflito e conter min\u00e9rios sujos de sangue, pode criar um problema de consci\u00eancia para muitos cidad\u00e3os europeus &#8220;.<\/p>\n<p style=\"text-align: justify;\">Fonte: Ag\u00eancia Fides<\/p>\n","protected":false},"excerpt":{"rendered":"<p>Roma (Ag\u00eancia Fides)- Duas semanas ap\u00f3s o in\u00edcio do \u2018Tri\u00e1logo\u2019, ou seja, das negocia\u00e7\u00f5es entre o Parlamento europeu, a Comiss\u00e3o europeia e os 28 Estados membros da Uni\u00e3o que formam o Conselho da Uni\u00e3o Europeia, a FOCSIV (Federa\u00e7\u00e3o dos Organismos Crist\u00e3os de Servi\u00e7o Internacional Volunt\u00e1rio) e o CIDSE, que re\u00fane uma s\u00e9rie de organiza\u00e7\u00f5es cat\u00f3licas [&hellip;]<\/p>\n","protected":false},"author":1,"featured_media":0,"comment_status":"open","ping_status":"open","sticky":false,"template":"","format":"standard","meta":{"footnotes":""},"categories":[4],"tags":[],"class_list":["post-13600","post","type-post","status-publish","format-standard","hentry","category-cotidiano"],"_links":{"self":[{"href":"https:\/\/catolicanet.net\/wp-cnet\/wp-json\/wp\/v2\/posts\/13600","targetHints":{"allow":["GET"]}}],"collection":[{"href":"https:\/\/catolicanet.net\/wp-cnet\/wp-json\/wp\/v2\/posts"}],"about":[{"href":"https:\/\/catolicanet.net\/wp-cnet\/wp-json\/wp\/v2\/types\/post"}],"author":[{"embeddable":true,"href":"https:\/\/catolicanet.net\/wp-cnet\/wp-json\/wp\/v2\/users\/1"}],"replies":[{"embeddable":true,"href":"https:\/\/catolicanet.net\/wp-cnet\/wp-json\/wp\/v2\/comments?post=13600"}],"version-history":[{"count":1,"href":"https:\/\/catolicanet.net\/wp-cnet\/wp-json\/wp\/v2\/posts\/13600\/revisions"}],"predecessor-version":[{"id":26368,"href":"https:\/\/catolicanet.net\/wp-cnet\/wp-json\/wp\/v2\/posts\/13600\/revisions\/26368"}],"wp:attachment":[{"href":"https:\/\/catolicanet.net\/wp-cnet\/wp-json\/wp\/v2\/media?parent=13600"}],"wp:term":[{"taxonomy":"category","embeddable":true,"href":"https:\/\/catolicanet.net\/wp-cnet\/wp-json\/wp\/v2\/categories?post=13600"},{"taxonomy":"post_tag","embeddable":true,"href":"https:\/\/catolicanet.net\/wp-cnet\/wp-json\/wp\/v2\/tags?post=13600"}],"curies":[{"name":"wp","href":"https:\/\/api.w.org\/{rel}","templated":true}]}}