{"id":13594,"date":"2016-02-29T17:31:16","date_gmt":"2016-02-29T20:31:16","guid":{"rendered":"http:\/\/catolicanet.net\/wp-cnet\/2016\/02\/29\/shirley-ferreira-cantora-conhecida-pelos-amigos-como-uma-moca-de-voz-doce-lanca-em-2014-o-cd-q-viver-o-teu-amor-q-que-leva-seu-nome\/"},"modified":"2017-05-31T11:34:28","modified_gmt":"2017-05-31T14:34:28","slug":"shirley-ferreira-cantora-conhecida-pelos-amigos-como-uma-moca-de-voz-doce-lanca-em-2014-o-cd-q-viver-o-teu-amor-q-que-leva-seu-nome","status":"publish","type":"post","link":"https:\/\/catolicanet.net\/wp-cnet\/shirley-ferreira-cantora-conhecida-pelos-amigos-como-uma-moca-de-voz-doce-lanca-em-2014-o-cd-q-viver-o-teu-amor-q-que-leva-seu-nome\/","title":{"rendered":"Shirley Ferreira cantora, conhecida pelos amigos como uma mo\u00e7a de voz doce, lan\u00e7a em 2014 o CD &#8221; Viver o Teu Amor &#8221; que leva seu nome."},"content":{"rendered":"<p style=\"text-align: justify;\"><img decoding=\"async\" src=\"http:\/\/catolicanet.com.br\/images\/stories\/geral\/img_7858.jpg\" border=\"0\" align=\"left\" \/>No ano de 2009, Shirley participou motivada pela amiga Ang\u00e9lica Sim\u00f5es e amigos do Festival Carmelitano da Diocese de Santo Amaro, evento no qual deixou o grupo intitulado Angelis em primeiro lugar. Ainda no mesmo ano Shirley recebe um convite para participar de um CD de ora\u00e7\u00e3o \u201cNo Poder do Louvor\u201d, promovido pelo Ricardo Motta, junto com o Pe. Estev\u00e3o Ferreira da Arquidiocese de S\u00e3o Paulo. <\/p>\n<p>Em 2010 participa tamb\u00e9m da Feira Vocacional, al\u00e9m de cantar no retiro de carnaval \u201cAlegrai-vos\u201d da Diocese de Santo Amaro que aconteceu no Gin\u00e1sio do Ibirapuera e apresentou-se tamb\u00e9m com a cantora cat\u00f3lica Celina Borges (de quem ela \u00e9 f\u00e3) na Feira Vocacional 2010 da diocese de Santo Amaro.<\/p>\n<p>\u201cDe l\u00e1 para c\u00e1, Deus colocou muito forte o desejo de come\u00e7ar o projeto do CD, e n\u00e3o s\u00f3 em meu cora\u00e7\u00e3o, mas no cora\u00e7\u00e3o dos meninos que tocam comigo\u201d, explica Shirley.<\/p>\n<p>Assim come\u00e7a um projeto de amor a Deus e a m\u00fasica com o CD Shirley Ferreira que se resume em mostrar que existem v\u00e1rias maneiras de Viver o amor de Deus, n\u00e3o precisa ser algo proposto ou obrigado. \u201cVive-se na liberdade e \u00e9 claro, segundo os mandamentos da Igreja\u201d, finaliza Shirley.<\/p>\n","protected":false},"excerpt":{"rendered":"<p>No ano de 2009, Shirley participou motivada pela amiga Ang\u00e9lica Sim\u00f5es e amigos do Festival Carmelitano da Diocese de Santo Amaro, evento no qual deixou o grupo intitulado Angelis em primeiro lugar. Ainda no mesmo ano Shirley recebe um convite para participar de um CD de ora\u00e7\u00e3o \u201cNo Poder do Louvor\u201d, promovido pelo Ricardo Motta, [&hellip;]<\/p>\n","protected":false},"author":1,"featured_media":0,"comment_status":"open","ping_status":"open","sticky":false,"template":"","format":"standard","meta":{"footnotes":""},"categories":[4],"tags":[],"class_list":["post-13594","post","type-post","status-publish","format-standard","hentry","category-cotidiano"],"_links":{"self":[{"href":"https:\/\/catolicanet.net\/wp-cnet\/wp-json\/wp\/v2\/posts\/13594","targetHints":{"allow":["GET"]}}],"collection":[{"href":"https:\/\/catolicanet.net\/wp-cnet\/wp-json\/wp\/v2\/posts"}],"about":[{"href":"https:\/\/catolicanet.net\/wp-cnet\/wp-json\/wp\/v2\/types\/post"}],"author":[{"embeddable":true,"href":"https:\/\/catolicanet.net\/wp-cnet\/wp-json\/wp\/v2\/users\/1"}],"replies":[{"embeddable":true,"href":"https:\/\/catolicanet.net\/wp-cnet\/wp-json\/wp\/v2\/comments?post=13594"}],"version-history":[{"count":1,"href":"https:\/\/catolicanet.net\/wp-cnet\/wp-json\/wp\/v2\/posts\/13594\/revisions"}],"predecessor-version":[{"id":26374,"href":"https:\/\/catolicanet.net\/wp-cnet\/wp-json\/wp\/v2\/posts\/13594\/revisions\/26374"}],"wp:attachment":[{"href":"https:\/\/catolicanet.net\/wp-cnet\/wp-json\/wp\/v2\/media?parent=13594"}],"wp:term":[{"taxonomy":"category","embeddable":true,"href":"https:\/\/catolicanet.net\/wp-cnet\/wp-json\/wp\/v2\/categories?post=13594"},{"taxonomy":"post_tag","embeddable":true,"href":"https:\/\/catolicanet.net\/wp-cnet\/wp-json\/wp\/v2\/tags?post=13594"}],"curies":[{"name":"wp","href":"https:\/\/api.w.org\/{rel}","templated":true}]}}