{"id":13593,"date":"2016-02-29T17:27:06","date_gmt":"2016-02-29T20:27:06","guid":{"rendered":"http:\/\/catolicanet.net\/wp-cnet\/2016\/02\/29\/um-adeus-uma-mensagem-e-um-desafio-o-mundo-todo-esta-a-espera-de-salvacao\/"},"modified":"2017-05-31T11:34:28","modified_gmt":"2017-05-31T14:34:28","slug":"um-adeus-uma-mensagem-e-um-desafio-o-mundo-todo-esta-a-espera-de-salvacao","status":"publish","type":"post","link":"https:\/\/catolicanet.net\/wp-cnet\/um-adeus-uma-mensagem-e-um-desafio-o-mundo-todo-esta-a-espera-de-salvacao\/","title":{"rendered":"Um adeus, uma mensagem e um desafio: \u201cO mundo todo est\u00e1 \u00e0 espera de salva\u00e7\u00e3o\u201d"},"content":{"rendered":"<p style=\"text-align: justify;\"><img decoding=\"async\" src=\"http:\/\/catolicanet.com.br\/images\/stories\/geral\/21596lpr_6756d16c33bd2fc.jpg\" border=\"0\" align=\"left\" \/>As tr\u00eas palavras-chave do pe. Lombardi, porta-voz do Vaticano, em sua despedida do cargo de diretor da R\u00e1dio Vaticano<\/p>\n<p>Depois de 25 anos de servi\u00e7o prestado \u00e0 Igreja na R\u00e1dio Vaticano, o pe. Federico Lombardi, que dirigia a emissora pontif\u00edcia, se despede do cargo. Ele continuar\u00e1 sendo, no entanto, o porta-voz da Santa S\u00e9.<\/p>\n<p>Nesta manh\u00e3, o sacerdote jesu\u00edta celebrou em Roma a missa de despedida do seu cargo \u00e0 frente da r\u00e1dio. Em sua homilia, ele observou que \u201cexiste uma espera de salva\u00e7\u00e3o, uma necessidade de salva\u00e7\u00e3o em todo o mundo\u201c, e declarou que os comunicadores da Igreja precisam corresponder a essa expectativa.<\/p>\n<p>O pe. Lombardi construiu a sua mensagem sobre tr\u00eas palavras-chave: miss\u00e3o, convers\u00e3o e comunh\u00e3o.<\/p>\n<p>Com base na liturgia de hoje, o padre italiano destacou dois personagens b\u00edblicos: o s\u00edrio Naman e a vi\u00fava de Sarepta. Ele representa os \u201caparentemente ricos, mas espiritualmente pobres e necessitados\u201d. Ela, por sua vez, simboliza as \u201cpessoas realmente pobres, mas que se entregam completamente a Deus como seu \u00fanico apoio\u201d.<\/p>\n<p>No mundo de hoje, prosseguiu Lombardi, \u201ch\u00e1 in\u00fameras esperas de salva\u00e7\u00e3o\u201d no seio desses dois grupos de pessoas, \u201cque precisam de ajuda, que precisam de esperan\u00e7a no Senhor\u201d.<\/p>\n<p>O sacerdote, que exerce o seu apostolado no campo das comunica\u00e7\u00f5es, destacou tamb\u00e9m que \u201cJesus veio para levar a Palavra de Deus at\u00e9 os confins da terra, para todos os necessitados de salva\u00e7\u00e3o, material e espiritualmente; para levar aquela miseric\u00f3rdia de que tanto falamos neste ano, para encontrar a todos, onde quer que estejam\u201d.<\/p>\n<p style=\"text-align: justify;\">Fonte: Aleteia<\/p>\n","protected":false},"excerpt":{"rendered":"<p>As tr\u00eas palavras-chave do pe. Lombardi, porta-voz do Vaticano, em sua despedida do cargo de diretor da R\u00e1dio Vaticano Depois de 25 anos de servi\u00e7o prestado \u00e0 Igreja na R\u00e1dio Vaticano, o pe. Federico Lombardi, que dirigia a emissora pontif\u00edcia, se despede do cargo. Ele continuar\u00e1 sendo, no entanto, o porta-voz da Santa S\u00e9. Nesta [&hellip;]<\/p>\n","protected":false},"author":1,"featured_media":0,"comment_status":"open","ping_status":"open","sticky":false,"template":"","format":"standard","meta":{"footnotes":""},"categories":[4],"tags":[],"class_list":["post-13593","post","type-post","status-publish","format-standard","hentry","category-cotidiano"],"_links":{"self":[{"href":"https:\/\/catolicanet.net\/wp-cnet\/wp-json\/wp\/v2\/posts\/13593","targetHints":{"allow":["GET"]}}],"collection":[{"href":"https:\/\/catolicanet.net\/wp-cnet\/wp-json\/wp\/v2\/posts"}],"about":[{"href":"https:\/\/catolicanet.net\/wp-cnet\/wp-json\/wp\/v2\/types\/post"}],"author":[{"embeddable":true,"href":"https:\/\/catolicanet.net\/wp-cnet\/wp-json\/wp\/v2\/users\/1"}],"replies":[{"embeddable":true,"href":"https:\/\/catolicanet.net\/wp-cnet\/wp-json\/wp\/v2\/comments?post=13593"}],"version-history":[{"count":1,"href":"https:\/\/catolicanet.net\/wp-cnet\/wp-json\/wp\/v2\/posts\/13593\/revisions"}],"predecessor-version":[{"id":26375,"href":"https:\/\/catolicanet.net\/wp-cnet\/wp-json\/wp\/v2\/posts\/13593\/revisions\/26375"}],"wp:attachment":[{"href":"https:\/\/catolicanet.net\/wp-cnet\/wp-json\/wp\/v2\/media?parent=13593"}],"wp:term":[{"taxonomy":"category","embeddable":true,"href":"https:\/\/catolicanet.net\/wp-cnet\/wp-json\/wp\/v2\/categories?post=13593"},{"taxonomy":"post_tag","embeddable":true,"href":"https:\/\/catolicanet.net\/wp-cnet\/wp-json\/wp\/v2\/tags?post=13593"}],"curies":[{"name":"wp","href":"https:\/\/api.w.org\/{rel}","templated":true}]}}