{"id":13591,"date":"2016-02-29T13:51:54","date_gmt":"2016-02-29T16:51:54","guid":{"rendered":"http:\/\/catolicanet.net\/wp-cnet\/2016\/02\/29\/ha-3-anos-o-fim-do-pontificado-de-bento-xvi\/"},"modified":"2017-06-02T10:56:57","modified_gmt":"2017-06-02T13:56:57","slug":"ha-3-anos-o-fim-do-pontificado-de-bento-xvi","status":"publish","type":"post","link":"https:\/\/catolicanet.net\/wp-cnet\/ha-3-anos-o-fim-do-pontificado-de-bento-xvi\/","title":{"rendered":"H\u00e1 3 anos, o fim do Pontificado de Bento XVI"},"content":{"rendered":"<p style=\"text-align: justify;\"><img decoding=\"async\" src=\"http:\/\/catolicanet.com.br\/images\/stories\/geral\/reuters523049_articolo.jpg\" border=\"0\" align=\"left\" \/>Em 28 de fevereiro de 2013, o Papa Bento XVI proferiu seu \u00faltimo discurso em p\u00fablico como Pont\u00edfice, despedindo-se dos fi\u00e9is da sacada do Pal\u00e1cio Apost\u00f3lico de Castel Gandolfo. <\/p>\n<p>\u201cQueridos amigos, sinto-me feliz por estar convosco, rodeado pela beleza da cria\u00e7\u00e3o e pela vossa simpatia, que me faz muito bem. Obrigado pela vossa amizade, o vosso afeto! Sabeis que este meu dia \u00e9 diferente dos anteriores. J\u00e1 n\u00e3o sou Sumo Pont\u00edfice da Igreja Cat\u00f3lica: at\u00e9 \u00e0s oito horas da tarde, ainda o sou; depois j\u00e1 n\u00e3o. Sou simplesmente um peregrino que inicia a \u00faltima etapa da sua peregrina\u00e7\u00e3o nesta terra. Mas quero ainda, com o meu cora\u00e7\u00e3o, o meu amor, com a minha ora\u00e7\u00e3o, a minha reflex\u00e3o, com todas as minhas for\u00e7as interiores, trabalhar para o bem comum, o bem da Igreja e da humanidade. E sinto-me muito apoiado pela vossa simpatia. Unidos ao Senhor, vamos para diante a bem da Igreja e do mundo. Obrigado!\u201d<\/p>\n<p>Ratzinger havia comunicado sua decis\u00e3o em uma reuni\u00e3o com cardeais no dia 11 de fevereiro, quando surpreendendo-os, afirmou em latim que devido \u00e0 idade avan\u00e7ada, suas for\u00e7as j\u00e1 n\u00e3o eram id\u00f4neas para exercer adequadamente o minist\u00e9rio.<\/p>\n<p>Desde ent\u00e3o, reside no Convento Mater Ecclesiae, no Vaticano, e mant\u00e9m uma vida de recolhimento, comparecendo em p\u00fablico apenas para acompanhar algumas cerim\u00f4nias presididas por Francisco ou receber homenagens.<\/p>\n<p style=\"text-align: justify;\">Fonte: R\u00e1dio Vaticano<\/p>\n","protected":false},"excerpt":{"rendered":"<p>Em 28 de fevereiro de 2013, o Papa Bento XVI proferiu seu \u00faltimo discurso em p\u00fablico como Pont\u00edfice, despedindo-se dos fi\u00e9is da sacada do Pal\u00e1cio Apost\u00f3lico de Castel Gandolfo. \u201cQueridos amigos, sinto-me feliz por estar convosco, rodeado pela beleza da cria\u00e7\u00e3o e pela vossa simpatia, que me faz muito bem. Obrigado pela vossa amizade, o [&hellip;]<\/p>\n","protected":false},"author":1,"featured_media":0,"comment_status":"open","ping_status":"open","sticky":false,"template":"","format":"standard","meta":{"footnotes":""},"categories":[3],"tags":[],"class_list":["post-13591","post","type-post","status-publish","format-standard","hentry","category-vaticano"],"_links":{"self":[{"href":"https:\/\/catolicanet.net\/wp-cnet\/wp-json\/wp\/v2\/posts\/13591","targetHints":{"allow":["GET"]}}],"collection":[{"href":"https:\/\/catolicanet.net\/wp-cnet\/wp-json\/wp\/v2\/posts"}],"about":[{"href":"https:\/\/catolicanet.net\/wp-cnet\/wp-json\/wp\/v2\/types\/post"}],"author":[{"embeddable":true,"href":"https:\/\/catolicanet.net\/wp-cnet\/wp-json\/wp\/v2\/users\/1"}],"replies":[{"embeddable":true,"href":"https:\/\/catolicanet.net\/wp-cnet\/wp-json\/wp\/v2\/comments?post=13591"}],"version-history":[{"count":1,"href":"https:\/\/catolicanet.net\/wp-cnet\/wp-json\/wp\/v2\/posts\/13591\/revisions"}],"predecessor-version":[{"id":28019,"href":"https:\/\/catolicanet.net\/wp-cnet\/wp-json\/wp\/v2\/posts\/13591\/revisions\/28019"}],"wp:attachment":[{"href":"https:\/\/catolicanet.net\/wp-cnet\/wp-json\/wp\/v2\/media?parent=13591"}],"wp:term":[{"taxonomy":"category","embeddable":true,"href":"https:\/\/catolicanet.net\/wp-cnet\/wp-json\/wp\/v2\/categories?post=13591"},{"taxonomy":"post_tag","embeddable":true,"href":"https:\/\/catolicanet.net\/wp-cnet\/wp-json\/wp\/v2\/tags?post=13591"}],"curies":[{"name":"wp","href":"https:\/\/api.w.org\/{rel}","templated":true}]}}