{"id":13590,"date":"2016-02-29T13:49:40","date_gmt":"2016-02-29T16:49:40","guid":{"rendered":"http:\/\/catolicanet.net\/wp-cnet\/2016\/02\/29\/aberto-posto-de-saude-para-pobres-na-praca-sao-pedro\/"},"modified":"2017-06-02T09:39:30","modified_gmt":"2017-06-02T12:39:30","slug":"aberto-posto-de-saude-para-pobres-na-praca-sao-pedro","status":"publish","type":"post","link":"https:\/\/catolicanet.net\/wp-cnet\/aberto-posto-de-saude-para-pobres-na-praca-sao-pedro\/","title":{"rendered":"Aberto posto de sa\u00fade para pobres na Pra\u00e7a S\u00e3o Pedro"},"content":{"rendered":"<p style=\"text-align: justify;\"><img decoding=\"async\" src=\"http:\/\/catolicanet.com.br\/images\/stories\/geral\/ansa826626_articolo.jpg\" border=\"0\" align=\"left\" \/>Depois das duchas e da barbearia, a colunata da Pra\u00e7a S\u00e3o Pedro hospeda mais uma estrutura dedicada aos pobres do bairro: um posto de sa\u00fade.<\/p>\n<p>\u201cAgradecemos o Papa Francisco, que quis abrir este ambulat\u00f3rio m\u00e9dico, dando mais um sinal concreto \u00e0s pessoas sem moradia ou com dificuldades\u201d, diz, em nota, Lucia Ercoli, diretora da associa\u00e7\u00e3o \u2018Medicina Solid\u00e1ria\u2019, que com m\u00e9dicos e enfermeiros do Fundo de Assist\u00eancia do Vaticano e da Cl\u00ednica Universit\u00e1ria de Tor Vergata, organizou a iniciativa.<\/p>\n<p>\u201cTodos aceitaram com grande paix\u00e3o este novo desafio, que une o trabalho feito nos \u00faltimos anos nas periferias ao cora\u00e7\u00e3o do cristianismo\u201d, prossegue Lucia.<\/p>\n<p>A Associa\u00e7\u00e3o j\u00e1 atua nos bairros romanos de Tor Bella Monaca, Tor Marancia, Montagnola e Regina Coeli.<\/p>\n<p>\u201cAcolhemos o convite do Esmoleiro do Papa (Dom Konrad Krajewski, ndr) a atender o desejo do Papa e garantir consultas m\u00e9dicas e terapias para quem n\u00e3o poderia enfrentar seus custos\u201d.<\/p>\n<p>Segundo a Dra. Ercoli, \u201ch\u00e1 ainda muito trabalho a se fazer, principalmente nos bairros suburbanos, mas este novo posto, na Pra\u00e7a S\u00e3o Pedro, \u00e9 um sinal de grande esperan\u00e7a\u201d.<\/p>\n<p style=\"text-align: justify;\">Fonte: R\u00e1dio Vaticano<\/p>\n","protected":false},"excerpt":{"rendered":"<p>Depois das duchas e da barbearia, a colunata da Pra\u00e7a S\u00e3o Pedro hospeda mais uma estrutura dedicada aos pobres do bairro: um posto de sa\u00fade. \u201cAgradecemos o Papa Francisco, que quis abrir este ambulat\u00f3rio m\u00e9dico, dando mais um sinal concreto \u00e0s pessoas sem moradia ou com dificuldades\u201d, diz, em nota, Lucia Ercoli, diretora da associa\u00e7\u00e3o [&hellip;]<\/p>\n","protected":false},"author":1,"featured_media":0,"comment_status":"open","ping_status":"open","sticky":false,"template":"","format":"standard","meta":{"footnotes":""},"categories":[3],"tags":[],"class_list":["post-13590","post","type-post","status-publish","format-standard","hentry","category-vaticano"],"_links":{"self":[{"href":"https:\/\/catolicanet.net\/wp-cnet\/wp-json\/wp\/v2\/posts\/13590","targetHints":{"allow":["GET"]}}],"collection":[{"href":"https:\/\/catolicanet.net\/wp-cnet\/wp-json\/wp\/v2\/posts"}],"about":[{"href":"https:\/\/catolicanet.net\/wp-cnet\/wp-json\/wp\/v2\/types\/post"}],"author":[{"embeddable":true,"href":"https:\/\/catolicanet.net\/wp-cnet\/wp-json\/wp\/v2\/users\/1"}],"replies":[{"embeddable":true,"href":"https:\/\/catolicanet.net\/wp-cnet\/wp-json\/wp\/v2\/comments?post=13590"}],"version-history":[{"count":1,"href":"https:\/\/catolicanet.net\/wp-cnet\/wp-json\/wp\/v2\/posts\/13590\/revisions"}],"predecessor-version":[{"id":27628,"href":"https:\/\/catolicanet.net\/wp-cnet\/wp-json\/wp\/v2\/posts\/13590\/revisions\/27628"}],"wp:attachment":[{"href":"https:\/\/catolicanet.net\/wp-cnet\/wp-json\/wp\/v2\/media?parent=13590"}],"wp:term":[{"taxonomy":"category","embeddable":true,"href":"https:\/\/catolicanet.net\/wp-cnet\/wp-json\/wp\/v2\/categories?post=13590"},{"taxonomy":"post_tag","embeddable":true,"href":"https:\/\/catolicanet.net\/wp-cnet\/wp-json\/wp\/v2\/tags?post=13590"}],"curies":[{"name":"wp","href":"https:\/\/api.w.org\/{rel}","templated":true}]}}