{"id":1359,"date":"2012-01-06T15:22:52","date_gmt":"2012-01-06T17:22:52","guid":{"rendered":"http:\/\/catolicanet.net\/wp-cnet\/a-contagem-regressiva-para-a-escolha-da-letra-do-hino-da-jmj-rio2013\/"},"modified":"2017-03-20T10:46:24","modified_gmt":"2017-03-20T13:46:24","slug":"a-contagem-regressiva-para-a-escolha-da-letra-do-hino-da-jmj-rio2013","status":"publish","type":"post","link":"https:\/\/catolicanet.net\/wp-cnet\/a-contagem-regressiva-para-a-escolha-da-letra-do-hino-da-jmj-rio2013\/","title":{"rendered":"A contagem regressiva para a escolha da letra do hino da JMJ RIO2013"},"content":{"rendered":"<p><img decoding=\"async\" src=\"images\/stories\/hinojmj2013.jpg\" border=\"0\" align=\"left\" \/>O tempo passa e a Jornada Mundial da Juventude RIO2013 ganha, aos poucos, forma, for\u00e7a e vez. Cada passo dado \u00e9 motivo de alegria e entusiasmo neste curto caminho at\u00e9 julho de 2013.<\/p>\n<p>Com a logomarca definida, e que em breve ser\u00e1 anunciada, agora \u00e9 a vez da escolha da letra do hino da JMJ. O concurso termina no dia 31 de janeiro. O hino e a logomarca s\u00e3o os dois pontos principais que formam a identidade, d\u00e3o a cara do evento.<\/p>\n<p>Na JMJ RIO2013, decidiu-se que estas escolhas seriam feitas atrav\u00e9s de concursos, possibilitando a participa\u00e7\u00e3o de qualquer pessoa interessada em contribuir de maneira direta na constru\u00e7\u00e3o da Jornada.<\/p>\n<p>A letra do hino da Jornada Mundial da Juventude RIO2013 refletir\u00e1 o rosto da juventude do Brasil e do mundo. Jovens animados que t\u00eam o sentido de sua exist\u00eancia em Jesus Cristo, que descobrem neste amor o que os faz sentirem-se plenamente realizados e felizes. Esta rela\u00e7\u00e3o de amizade e intimidade com o Senhor convida-nos a um aut\u00eantico testemunho da f\u00e9, com coragem e criatividade. Por isso, participar do concurso que escolher\u00e1 a letra do hino oficial da Jornada Mundial da Juventude \u00e9 deixar que este amor se torne concreto e seja capaz de contagiar a todos que ouvirem, destaca o texto do edital do concurso.<\/p>\n<p>Ainda d\u00e1 tempo de participar. Basta enviar a letra para o Setor de Prepara\u00e7\u00e3o Pastoral da JMJ RIO2013, que fica no 7\u00ba andar do edif\u00edcio Jo\u00e3o Paulo II (Rua Benjamin Constant, 23, bairro Gl\u00f3ria  RJ). Mais detalhes de como participar podem ser vistos no edital do concurso, na p\u00e1gina oficial da JMJ RIO2013 (www.rio2013.com) ou atrav\u00e9s do email: pastoral@rio2013.com .<\/p>\n","protected":false},"excerpt":{"rendered":"<p>O tempo passa e a Jornada Mundial da Juventude RIO2013 ganha, aos poucos, forma, for\u00e7a e vez. Cada passo dado \u00e9 motivo de alegria e entusiasmo neste curto caminho at\u00e9 julho de 2013. Com a logomarca definida, e que em breve ser\u00e1 anunciada, agora \u00e9 a vez da escolha da letra do hino da JMJ. [&hellip;]<\/p>\n","protected":false},"author":1,"featured_media":1358,"comment_status":"closed","ping_status":"closed","sticky":false,"template":"","format":"standard","meta":{"footnotes":""},"categories":[4],"tags":[],"class_list":["post-1359","post","type-post","status-publish","format-standard","has-post-thumbnail","hentry","category-cotidiano"],"_links":{"self":[{"href":"https:\/\/catolicanet.net\/wp-cnet\/wp-json\/wp\/v2\/posts\/1359","targetHints":{"allow":["GET"]}}],"collection":[{"href":"https:\/\/catolicanet.net\/wp-cnet\/wp-json\/wp\/v2\/posts"}],"about":[{"href":"https:\/\/catolicanet.net\/wp-cnet\/wp-json\/wp\/v2\/types\/post"}],"author":[{"embeddable":true,"href":"https:\/\/catolicanet.net\/wp-cnet\/wp-json\/wp\/v2\/users\/1"}],"replies":[{"embeddable":true,"href":"https:\/\/catolicanet.net\/wp-cnet\/wp-json\/wp\/v2\/comments?post=1359"}],"version-history":[{"count":1,"href":"https:\/\/catolicanet.net\/wp-cnet\/wp-json\/wp\/v2\/posts\/1359\/revisions"}],"predecessor-version":[{"id":6654,"href":"https:\/\/catolicanet.net\/wp-cnet\/wp-json\/wp\/v2\/posts\/1359\/revisions\/6654"}],"wp:featuredmedia":[{"embeddable":true,"href":"https:\/\/catolicanet.net\/wp-cnet\/wp-json\/wp\/v2\/media\/1358"}],"wp:attachment":[{"href":"https:\/\/catolicanet.net\/wp-cnet\/wp-json\/wp\/v2\/media?parent=1359"}],"wp:term":[{"taxonomy":"category","embeddable":true,"href":"https:\/\/catolicanet.net\/wp-cnet\/wp-json\/wp\/v2\/categories?post=1359"},{"taxonomy":"post_tag","embeddable":true,"href":"https:\/\/catolicanet.net\/wp-cnet\/wp-json\/wp\/v2\/tags?post=1359"}],"curies":[{"name":"wp","href":"https:\/\/api.w.org\/{rel}","templated":true}]}}