{"id":13589,"date":"2016-02-29T13:46:18","date_gmt":"2016-02-29T16:46:18","guid":{"rendered":"http:\/\/catolicanet.net\/wp-cnet\/2016\/02\/29\/doencas-raras-santa-se-pede-mais-pesquisa-e-solidariedade\/"},"modified":"2017-05-30T10:03:42","modified_gmt":"2017-05-30T13:03:42","slug":"doencas-raras-santa-se-pede-mais-pesquisa-e-solidariedade","status":"publish","type":"post","link":"https:\/\/catolicanet.net\/wp-cnet\/doencas-raras-santa-se-pede-mais-pesquisa-e-solidariedade\/","title":{"rendered":"Doen\u00e7as raras: Santa S\u00e9 pede mais pesquisa e solidariedade"},"content":{"rendered":"<p style=\"text-align: justify;\"><img decoding=\"async\" src=\"http:\/\/catolicanet.com.br\/images\/stories\/geral\/afp4919568_articolo.jpg\" border=\"0\" align=\"left\" \/>Por ocasi\u00e3o do Dia das Doen\u00e7as Raras, celebrado em 29 de fevereiro, o Pontif\u00edcio Conselho para a Pastoral dos Agentes de Sa\u00fade divulgou uma mensagem para ressaltar a import\u00e2ncia de investir em pesquisas cient\u00edficas e tamb\u00e9m na solidariedade.<\/p>\n<p>O tema desta edi\u00e7\u00e3o \u00e9 \u201cNo centro a voz do paciente. Unam-se a n\u00f3s para fazer ouvir a voz das doen\u00e7as raras\u201d. Este tema, escreve o Presidente do Pontif\u00edcio Conselho, Card. Zygmunt Zimowski, destaca a necessidade de tornar essas pessoas sempre mais protagonistas e, ao mesmo tempo, sensibilizar as autoridades competentes, os pesquisadores e a ind\u00fastria farmac\u00eautica.<\/p>\n<p>\u201cMesmo que a incid\u00eancia seja m\u00ednima ou rara numericamente falando, as pessoas afetadas n\u00e3o podem nos deixar indiferentes\u201d, recorda o Presidente, pedindo que seja rompida a cortina de sil\u00eancio em torno de um problema que diz respeito a toda a sociedade. Neste empenho, tamb\u00e9m a Igreja se sente envolvida, garantiu o Card. Zimowski, \u201ccontinuamente impulsionada pelo Papa Francisco a crescer e a caminhar na solidariedade\u201d.<\/p>\n<p>Neglig\u00eancia<\/p>\n<p>O Cardeal polon\u00eas anuncia na mensagem que o Pontif\u00edcio para a Pastoral dos Agentes de Sa\u00fade dedicar\u00e1 sua pr\u00f3xima Confer\u00eancia Internacional, de 10 a 12 de novembro, justamente \u00e0s doen\u00e7as raras e negligenciadas.<\/p>\n<p>\u201cEsta iniciativa, quase na conclus\u00e3o do Jubileu extraordin\u00e1rio da Miseric\u00f3rdia, ser\u00e1 uma ocasi\u00e3o a mais para valorizar a obra de miseric\u00f3rdia corporal de assist\u00eancia aos enfermos\u201d, escreve Card. Zimowski, acrescentando que a Confer\u00eancia se realizar\u00e1 no sinal da proximidade solid\u00e1ria para com as pessoas afetadas por patologias raras e as popula\u00e7\u00f5es pobres e vulner\u00e1veis marcadas por doen\u00e7as ignoradas, que com frequ\u00eancia vivem em zonas rurais entre as mais remotas do mundo.<\/p>\n<p>\u201cPossa cada anseio que nasce no cora\u00e7\u00e3o de quem sofre encontrar escuta e solidariedade por parte de cada fiel e em toda pessoa de boa vontade\u201d, conclui o Presidente do Pontif\u00edcio Conselho para a Pastoral dos Agentes de Sa\u00fade, Card. Zygmunt Zimowski.<\/p>\n<p style=\"text-align: justify;\">Fonte: R\u00e1dio Vaticano<\/p>\n","protected":false},"excerpt":{"rendered":"<p>Por ocasi\u00e3o do Dia das Doen\u00e7as Raras, celebrado em 29 de fevereiro, o Pontif\u00edcio Conselho para a Pastoral dos Agentes de Sa\u00fade divulgou uma mensagem para ressaltar a import\u00e2ncia de investir em pesquisas cient\u00edficas e tamb\u00e9m na solidariedade. O tema desta edi\u00e7\u00e3o \u00e9 \u201cNo centro a voz do paciente. Unam-se a n\u00f3s para fazer ouvir [&hellip;]<\/p>\n","protected":false},"author":1,"featured_media":0,"comment_status":"open","ping_status":"open","sticky":false,"template":"","format":"standard","meta":{"footnotes":""},"categories":[3],"tags":[],"class_list":["post-13589","post","type-post","status-publish","format-standard","hentry","category-vaticano"],"_links":{"self":[{"href":"https:\/\/catolicanet.net\/wp-cnet\/wp-json\/wp\/v2\/posts\/13589","targetHints":{"allow":["GET"]}}],"collection":[{"href":"https:\/\/catolicanet.net\/wp-cnet\/wp-json\/wp\/v2\/posts"}],"about":[{"href":"https:\/\/catolicanet.net\/wp-cnet\/wp-json\/wp\/v2\/types\/post"}],"author":[{"embeddable":true,"href":"https:\/\/catolicanet.net\/wp-cnet\/wp-json\/wp\/v2\/users\/1"}],"replies":[{"embeddable":true,"href":"https:\/\/catolicanet.net\/wp-cnet\/wp-json\/wp\/v2\/comments?post=13589"}],"version-history":[{"count":1,"href":"https:\/\/catolicanet.net\/wp-cnet\/wp-json\/wp\/v2\/posts\/13589\/revisions"}],"predecessor-version":[{"id":24443,"href":"https:\/\/catolicanet.net\/wp-cnet\/wp-json\/wp\/v2\/posts\/13589\/revisions\/24443"}],"wp:attachment":[{"href":"https:\/\/catolicanet.net\/wp-cnet\/wp-json\/wp\/v2\/media?parent=13589"}],"wp:term":[{"taxonomy":"category","embeddable":true,"href":"https:\/\/catolicanet.net\/wp-cnet\/wp-json\/wp\/v2\/categories?post=13589"},{"taxonomy":"post_tag","embeddable":true,"href":"https:\/\/catolicanet.net\/wp-cnet\/wp-json\/wp\/v2\/tags?post=13589"}],"curies":[{"name":"wp","href":"https:\/\/api.w.org\/{rel}","templated":true}]}}