{"id":13588,"date":"2016-02-29T13:43:45","date_gmt":"2016-02-29T16:43:45","guid":{"rendered":"http:\/\/catolicanet.net\/wp-cnet\/2016\/02\/29\/papa-qdeus-nao-manda-desgracas-para-nos-castigarq\/"},"modified":"2017-06-02T13:14:52","modified_gmt":"2017-06-02T16:14:52","slug":"papa-qdeus-nao-manda-desgracas-para-nos-castigarq","status":"publish","type":"post","link":"https:\/\/catolicanet.net\/wp-cnet\/papa-qdeus-nao-manda-desgracas-para-nos-castigarq\/","title":{"rendered":"Papa: &#8220;Deus n\u00e3o manda desgra\u00e7as para nos castigar&#8221;"},"content":{"rendered":"<p style=\"text-align: justify;\"><img decoding=\"async\" src=\"http:\/\/catolicanet.com.br\/images\/stories\/geral\/ansa958945_articolo.jpg\" border=\"0\" align=\"left\" \/>\u201cCotidianamente, os jornais nos trazem not\u00edcias tristes: homic\u00eddios, acidentes e cat\u00e1strofes\u201d: a partir desta constata\u00e7\u00e3o, o Papa Francisco refletiu domingo (28\/02) sobre o trecho do Evangelho do dia, que relata dois fatos tr\u00e1gicos que causaram naquele tempo muito impacto: uma repress\u00e3o cruenta perpetrada por soldados romanos dentro do templo; e o desabamento da torre de Silo\u00e9, em Jerusal\u00e9m, que deixou 18 mortos.<\/p>\n<p>No encontro para a ora\u00e7\u00e3o dominical do Angelus, Francisco explicou aos fi\u00e9is presentes na Pra\u00e7a S\u00e3o Pedro o epis\u00f3dio narrado por Lucas: Jesus sabia que as pessoas interpretavam aquele tipo de evento de modo errado. Pensavam que se os homens morreram de modo t\u00e3o cruel, isto era um sinal que Deus os havia castigado porque tinham cometido alguma culpa grave e por isso, \u201cmereciam a morte\u201d.<\/p>\n<p>Naturalmente, Deus n\u00e3o permite trag\u00e9dias para punir culpas, e afirma que aquelas pobres v\u00edtimas n\u00e3o eram piores do que os outros. E diz que aqueles eventos dolorosos deviam ser uma advert\u00eancia para todos, porque somos todos pecadores.\u00a0 <\/p>\n<p>Ainda hoje, diante de certas desgra\u00e7as e acontecimentos tristes, temos por vezes a tenta\u00e7\u00e3o de \u2018desencarregar\u2019 a responsabilidade nas v\u00edtimas, mas o Evangelho nos convida a refletir: que ideia temos de Deus? <\/p>\n<p>Ele nos convida a mudar o cora\u00e7\u00e3o, a dar uma guinada no caminho de nossas vidas, a deixar de lado os compromissos com o mal e as hipocrisias (comuns a todos, segundo o Papa) e a percorrer com decis\u00e3o o caminho do Evangelho. <\/p>\n<p>Francisco voltou a nos pedir para \u201cn\u00e3o julgarmos jamais os outros\u201d e alertou para a \u201ctenta\u00e7\u00e3o de nos justificarmos, quando acreditamos ser pessoas boas, crentes e suficientemente praticantes\u201d:\u00a0 <\/p>\n<p>Nunca \u00e9 tarde demais para se converter. \u00c9 urgente, \u00e9 hora!<\/p>\n<p>E improvisando, lembrou que este tempo de Quaresma e de Jubileu da Miseric\u00f3rdia s\u00e3o ocasi\u00f5es de arrependimento e salva\u00e7\u00e3o, convidando a fazermos um exame de consci\u00eancia.<\/p>\n<p style=\"text-align: justify;\">Fonte: R\u00e1dio Vaticano<\/p>\n","protected":false},"excerpt":{"rendered":"<p>\u201cCotidianamente, os jornais nos trazem not\u00edcias tristes: homic\u00eddios, acidentes e cat\u00e1strofes\u201d: a partir desta constata\u00e7\u00e3o, o Papa Francisco refletiu domingo (28\/02) sobre o trecho do Evangelho do dia, que relata dois fatos tr\u00e1gicos que causaram naquele tempo muito impacto: uma repress\u00e3o cruenta perpetrada por soldados romanos dentro do templo; e o desabamento da torre de [&hellip;]<\/p>\n","protected":false},"author":1,"featured_media":0,"comment_status":"open","ping_status":"open","sticky":false,"template":"","format":"standard","meta":{"footnotes":""},"categories":[3],"tags":[],"class_list":["post-13588","post","type-post","status-publish","format-standard","hentry","category-vaticano"],"_links":{"self":[{"href":"https:\/\/catolicanet.net\/wp-cnet\/wp-json\/wp\/v2\/posts\/13588","targetHints":{"allow":["GET"]}}],"collection":[{"href":"https:\/\/catolicanet.net\/wp-cnet\/wp-json\/wp\/v2\/posts"}],"about":[{"href":"https:\/\/catolicanet.net\/wp-cnet\/wp-json\/wp\/v2\/types\/post"}],"author":[{"embeddable":true,"href":"https:\/\/catolicanet.net\/wp-cnet\/wp-json\/wp\/v2\/users\/1"}],"replies":[{"embeddable":true,"href":"https:\/\/catolicanet.net\/wp-cnet\/wp-json\/wp\/v2\/comments?post=13588"}],"version-history":[{"count":1,"href":"https:\/\/catolicanet.net\/wp-cnet\/wp-json\/wp\/v2\/posts\/13588\/revisions"}],"predecessor-version":[{"id":28426,"href":"https:\/\/catolicanet.net\/wp-cnet\/wp-json\/wp\/v2\/posts\/13588\/revisions\/28426"}],"wp:attachment":[{"href":"https:\/\/catolicanet.net\/wp-cnet\/wp-json\/wp\/v2\/media?parent=13588"}],"wp:term":[{"taxonomy":"category","embeddable":true,"href":"https:\/\/catolicanet.net\/wp-cnet\/wp-json\/wp\/v2\/categories?post=13588"},{"taxonomy":"post_tag","embeddable":true,"href":"https:\/\/catolicanet.net\/wp-cnet\/wp-json\/wp\/v2\/tags?post=13588"}],"curies":[{"name":"wp","href":"https:\/\/api.w.org\/{rel}","templated":true}]}}