{"id":13567,"date":"2016-02-26T14:20:58","date_gmt":"2016-02-26T17:20:58","guid":{"rendered":"http:\/\/catolicanet.net\/wp-cnet\/2016\/02\/26\/adocao-igreja-lamenta-laproveitamentor-da-figura-de-jesus-em-cartaz-labusivo-e-mesmo-de-mau-gostor\/"},"modified":"2017-05-30T10:05:11","modified_gmt":"2017-05-30T13:05:11","slug":"adocao-igreja-lamenta-laproveitamentor-da-figura-de-jesus-em-cartaz-labusivo-e-mesmo-de-mau-gostor","status":"publish","type":"post","link":"https:\/\/catolicanet.net\/wp-cnet\/adocao-igreja-lamenta-laproveitamentor-da-figura-de-jesus-em-cartaz-labusivo-e-mesmo-de-mau-gostor\/","title":{"rendered":"Ado\u00e7\u00e3o: Igreja lamenta \u00abaproveitamento\u00bb da figura de Jesus em cartaz \u00ababusivo e mesmo de mau gosto\u00bb"},"content":{"rendered":"<p style=\"text-align: justify;\"><img decoding=\"async\" src=\"http:\/\/catolicanet.com.br\/images\/stories\/geral\/21barbosa_cep_julho_jcp.jpg\" border=\"0\" align=\"left\" \/>O secret\u00e1rio da Confer\u00eancia Episcopal Portuguesa (CEP) considera que o cartaz do Bloco de Esquerda sobre a ado\u00e7\u00e3o por casais do mesmo sexo \u201cn\u00e3o se enquadra num respeito m\u00fatuo\u201d e critica o \u201caproveitamento abusivo\u201d da figura de Jesus Cristo.<\/p>\n<p>\u2018Jesus tamb\u00e9m tinha dois pais\u2019, \u00e9 a frase que acompanha o cartar que o Bloco de Esquerda, divulgou esta quinta-feira, para se referir \u00e0 aprova\u00e7\u00e3o da ado\u00e7\u00e3o por casais do mesmo sexo.<\/p>\n<p>\u201cH\u00e1 um aproveitamento abusivo, sem sentido, da figura de Jesus Cristo. \u00c9 uma analogia que n\u00e3o faz qualquer sentido. \u00c9 abusiva e mesmo de mau gosto\u201d, analisou o porta-voz da CEP.<\/p>\n<p>\u00c0 Ag\u00eancia ECCLESIA, o padre Manuel Barbosa destacou que a fam\u00edlia para a Igreja \u201c\u00e9 sempre constitu\u00edda por um casal, homem e mulher\u201d.<\/p>\n<p>\u201cAs convic\u00e7\u00f5es s\u00e3o diferentes n\u00e3o podemos dizer de outro modo\u201d, observou.<\/p>\n<p>O sacerdote defendeu o respeito pela liberdade de express\u00e3o mas observou que, neste caso, \u201cn\u00e3o h\u00e1 o respeito m\u00fatuo\u201d pelo outro, n\u00e3o s\u00f3 na Igreja mas \u201coutros crist\u00e3os que seguem Jesus nas suas vidas\u201d.<\/p>\n<p>\u201cEnquadra naturalmente no respeito pela liberdade de express\u00e3o mas n\u00e3o se enquadra num respeito m\u00fatuo que deveria existir porque a liberdade implica sempre uma corresponsabilidade e uma rela\u00e7\u00e3o tamb\u00e9m com os valores essenciais da vida\u201d, desenvolveu.<\/p>\n<p>O secret\u00e1rio da Confer\u00eancia Episcopal Portuguesa assinala que est\u00e1 a \u201cdar import\u00e2ncia\u201d a este cartaz e slogan pela utiliza\u00e7\u00e3o da figura de Jesus porque \u201ch\u00e1 aspetos mais importantes, outras problem\u00e1ticas\u201d que Igreja e sociedade t\u00eam de atender.<\/p>\n<p>O padre Manuel Barbosa recordou que j\u00e1 se lamentou que aquando da aprova\u00e7\u00e3o da lei da ado\u00e7\u00e3o por casais do mesmo sexo n\u00e3o tivesse existido uma \u201coculta\u00e7\u00e3o mais s\u00e9ria, mais demorada\u201d das v\u00e1rias institui\u00e7\u00f5es da sociedade civil, \u201conde tamb\u00e9m est\u00e1 a Igreja\u201d.<\/p>\n<p>\u201cPode ser entendido tamb\u00e9m com o desviar de aten\u00e7\u00f5es de outros problemas mais candentes\u201d, frisou o respons\u00e1vel que lamentou mais uma vez a forma \u201ccomo \u00e9 utilizada a figura de Jesus Cristo\u201d e \u201cas alus\u00f5es\u201d, sobretudo, quando a Igreja est\u00e1 \u201ca viver em for\u00e7a\u201d o tempo forte da Quaresma e o Ano Santo da Miseric\u00f3rdia.<\/p>\n<p>O jornal \u2018Econ\u00f3mico\u2019, divulga que na internet j\u00e1 circula uma peti\u00e7\u00e3o p\u00fablica de jovens cat\u00f3licos que exigem um pedido de desculpa por parte do Bloco de Esquerda: \u201cO cartaz tem, de forma clara e inequ\u00edvoca, o prop\u00f3sito de ofender a comunidade cat\u00f3lica portuguesa.\u201d<\/p>\n<p style=\"text-align: justify;\">Fonte: Ag\u00eancia Ecclesia<\/p>\n","protected":false},"excerpt":{"rendered":"<p>O secret\u00e1rio da Confer\u00eancia Episcopal Portuguesa (CEP) considera que o cartaz do Bloco de Esquerda sobre a ado\u00e7\u00e3o por casais do mesmo sexo \u201cn\u00e3o se enquadra num respeito m\u00fatuo\u201d e critica o \u201caproveitamento abusivo\u201d da figura de Jesus Cristo. \u2018Jesus tamb\u00e9m tinha dois pais\u2019, \u00e9 a frase que acompanha o cartar que o Bloco de [&hellip;]<\/p>\n","protected":false},"author":1,"featured_media":0,"comment_status":"open","ping_status":"open","sticky":false,"template":"","format":"standard","meta":{"footnotes":""},"categories":[4],"tags":[],"class_list":["post-13567","post","type-post","status-publish","format-standard","hentry","category-cotidiano"],"_links":{"self":[{"href":"https:\/\/catolicanet.net\/wp-cnet\/wp-json\/wp\/v2\/posts\/13567","targetHints":{"allow":["GET"]}}],"collection":[{"href":"https:\/\/catolicanet.net\/wp-cnet\/wp-json\/wp\/v2\/posts"}],"about":[{"href":"https:\/\/catolicanet.net\/wp-cnet\/wp-json\/wp\/v2\/types\/post"}],"author":[{"embeddable":true,"href":"https:\/\/catolicanet.net\/wp-cnet\/wp-json\/wp\/v2\/users\/1"}],"replies":[{"embeddable":true,"href":"https:\/\/catolicanet.net\/wp-cnet\/wp-json\/wp\/v2\/comments?post=13567"}],"version-history":[{"count":1,"href":"https:\/\/catolicanet.net\/wp-cnet\/wp-json\/wp\/v2\/posts\/13567\/revisions"}],"predecessor-version":[{"id":24445,"href":"https:\/\/catolicanet.net\/wp-cnet\/wp-json\/wp\/v2\/posts\/13567\/revisions\/24445"}],"wp:attachment":[{"href":"https:\/\/catolicanet.net\/wp-cnet\/wp-json\/wp\/v2\/media?parent=13567"}],"wp:term":[{"taxonomy":"category","embeddable":true,"href":"https:\/\/catolicanet.net\/wp-cnet\/wp-json\/wp\/v2\/categories?post=13567"},{"taxonomy":"post_tag","embeddable":true,"href":"https:\/\/catolicanet.net\/wp-cnet\/wp-json\/wp\/v2\/tags?post=13567"}],"curies":[{"name":"wp","href":"https:\/\/api.w.org\/{rel}","templated":true}]}}