{"id":13564,"date":"2016-02-26T14:03:58","date_gmt":"2016-02-26T17:03:58","guid":{"rendered":"http:\/\/catolicanet.net\/wp-cnet\/2016\/02\/26\/arquidiocese-brasileira-recebe-presentes-de-diocese-de-fatima-portugal\/"},"modified":"2017-05-31T11:45:25","modified_gmt":"2017-05-31T14:45:25","slug":"arquidiocese-brasileira-recebe-presentes-de-diocese-de-fatima-portugal","status":"publish","type":"post","link":"https:\/\/catolicanet.net\/wp-cnet\/arquidiocese-brasileira-recebe-presentes-de-diocese-de-fatima-portugal\/","title":{"rendered":"Arquidiocese brasileira recebe presentes de Diocese de F\u00e1tima, Portugal"},"content":{"rendered":"<p style=\"text-align: justify;\"><img decoding=\"async\" src=\"http:\/\/catolicanet.com.br\/images\/stories\/geral\/12783745_11331798.jpg\" border=\"0\" align=\"left\" \/>Um elo a mais entre Brasil e Portugal se deu na quarta-feira, 24, quando o Arcebispo de Aracaju (SE), Dom Jos\u00e9 Lessa, recebeu de presente das m\u00e3os do Bispo de Leiria-F\u00e1tima, Dom Ant\u00f3nio Marto, uma imagem de Nossa Senhora de F\u00e1tima e rel\u00edquias dos Beatos Francisco e Jacinta.<\/p>\n<p>\u201cEsperamos que esta imagem leve a Mensagem de F\u00e1tima que \u00e9 a mensagem de uma m\u00e3e que visita os seus filhos nos momentos mais dolorosos das suas vidas e lhes leva o rosto de Jesus e a sua miseric\u00f3rdia\u201d, disse Dom Marto, segundo o site do Santu\u00e1rio de F\u00e1tima.<\/p>\n<p>Os dois se encontraram na quarta-feira, na Casa de Nossa Senhora do Carmo, em F\u00e1tima. Durante a reuni\u00e3o tamb\u00e9m estiveram presentes o reitor do Santu\u00e1rio, Pe. Carlos Cabecinhas, e o p\u00e1roco da par\u00f3quia de Nossa Senhora de F\u00e1tima, de Aracaju, Pe. Rinaldo Rezende Cardoso.<\/p>\n<p>Na ocasi\u00e3o, em nome da postula\u00e7\u00e3o da causa de canoniza\u00e7\u00e3o de Francisco e Jacinta, tamb\u00e9m foram entregues ao Arcebispo rel\u00edquias dos Beatos e Dom Marto pediu que os diocesanos de Aracaju rezem \u201cpela canoniza\u00e7\u00e3o dos pastorinhos\u201d.<\/p>\n<p>Dom Lessa destacou que a Arquidiocese de Aracaju exprime \u201cuma enorme devo\u00e7\u00e3o a Nossa Senhora de F\u00e1tima\u201d.<\/p>\n<p>Ele recordou que, \u201cno ano passado, quando a Virgem Peregrina esteve no Brasil tivemos ocasi\u00e3o de a receber e foi uma enorme festa\u201d. Segundo Dom Lessa, a presen\u00e7a da imagem peregrina na Arquidiocese \u201cajudou a renovar cora\u00e7\u00f5es, a recuperar fam\u00edlias que estavam em lit\u00edgio e promoveu a reconcilia\u00e7\u00e3o\u201d.<\/p>\n<p>Agora, neste, fi\u00e9is da Par\u00f3quia de Nossa Senhora de F\u00e1tima, de Aracaju, \u00e9 que ser\u00e3o peregrinos na casa da Virgem, em Portugal, no m\u00eas de novembro.<\/p>\n<p>O reitor do Santu\u00e1rio, Pe. Carlos Cabecinhas, afirmou ser \u201cum prazer\u201d receber peregrinos brasileiros e ressaltou a \u201cuni\u00e3o nesta f\u00e9 e devo\u00e7\u00e3o a Nossa Senhora de F\u00e1tima\u201d. De acordo com ele, \u201co Brasil \u00e9 neste momento o pa\u00eds com mais devotos de Nossa Senhora de F\u00e1tima\u201d.<\/p>\n<p style=\"text-align: justify;\">Fonte: Acidigital<\/p>\n","protected":false},"excerpt":{"rendered":"<p>Um elo a mais entre Brasil e Portugal se deu na quarta-feira, 24, quando o Arcebispo de Aracaju (SE), Dom Jos\u00e9 Lessa, recebeu de presente das m\u00e3os do Bispo de Leiria-F\u00e1tima, Dom Ant\u00f3nio Marto, uma imagem de Nossa Senhora de F\u00e1tima e rel\u00edquias dos Beatos Francisco e Jacinta. \u201cEsperamos que esta imagem leve a Mensagem [&hellip;]<\/p>\n","protected":false},"author":1,"featured_media":0,"comment_status":"open","ping_status":"open","sticky":false,"template":"","format":"standard","meta":{"footnotes":""},"categories":[4],"tags":[],"class_list":["post-13564","post","type-post","status-publish","format-standard","hentry","category-cotidiano"],"_links":{"self":[{"href":"https:\/\/catolicanet.net\/wp-cnet\/wp-json\/wp\/v2\/posts\/13564","targetHints":{"allow":["GET"]}}],"collection":[{"href":"https:\/\/catolicanet.net\/wp-cnet\/wp-json\/wp\/v2\/posts"}],"about":[{"href":"https:\/\/catolicanet.net\/wp-cnet\/wp-json\/wp\/v2\/types\/post"}],"author":[{"embeddable":true,"href":"https:\/\/catolicanet.net\/wp-cnet\/wp-json\/wp\/v2\/users\/1"}],"replies":[{"embeddable":true,"href":"https:\/\/catolicanet.net\/wp-cnet\/wp-json\/wp\/v2\/comments?post=13564"}],"version-history":[{"count":1,"href":"https:\/\/catolicanet.net\/wp-cnet\/wp-json\/wp\/v2\/posts\/13564\/revisions"}],"predecessor-version":[{"id":26386,"href":"https:\/\/catolicanet.net\/wp-cnet\/wp-json\/wp\/v2\/posts\/13564\/revisions\/26386"}],"wp:attachment":[{"href":"https:\/\/catolicanet.net\/wp-cnet\/wp-json\/wp\/v2\/media?parent=13564"}],"wp:term":[{"taxonomy":"category","embeddable":true,"href":"https:\/\/catolicanet.net\/wp-cnet\/wp-json\/wp\/v2\/categories?post=13564"},{"taxonomy":"post_tag","embeddable":true,"href":"https:\/\/catolicanet.net\/wp-cnet\/wp-json\/wp\/v2\/tags?post=13564"}],"curies":[{"name":"wp","href":"https:\/\/api.w.org\/{rel}","templated":true}]}}