{"id":13546,"date":"2016-02-25T16:36:53","date_gmt":"2016-02-25T19:36:53","guid":{"rendered":"http:\/\/catolicanet.net\/wp-cnet\/2016\/02\/25\/padre-sequestrado-por-terroristas-na-siria-na-missa-com-o-papa\/"},"modified":"2017-05-30T10:07:17","modified_gmt":"2017-05-30T13:07:17","slug":"padre-sequestrado-por-terroristas-na-siria-na-missa-com-o-papa","status":"publish","type":"post","link":"https:\/\/catolicanet.net\/wp-cnet\/padre-sequestrado-por-terroristas-na-siria-na-missa-com-o-papa\/","title":{"rendered":"Padre sequestrado por terroristas na S\u00edria na missa com o Papa"},"content":{"rendered":"<p style=\"text-align: justify;\"><img decoding=\"async\" src=\"http:\/\/catolicanet.com.br\/images\/stories\/geral\/rv13730_articolo.jpg\" border=\"0\" align=\"left\" \/>O sacerdote franciscano Dhiya Azziz, P\u00e1roco de Yacoubieh na S\u00edria, libertado em janeiro ap\u00f3s ter sido sequestrado por terroristas isl\u00e2micos, participou na missa na Casa Santa Marta, na manh\u00e3 desta quinta-feira (25\/02).<\/p>\n<p>Na metade do ano passado, Padre Azziz, iraquiano de 42 anos, j\u00e1 havia sido v\u00edtima de um sequestro rel\u00e2mpago, que se concluiu de forma positiva em poucos dias com a sua liberta\u00e7\u00e3o. Em um primeiro momento as suspeitas se concentraram em militantes de al-Nusra, um ramo de al-Qaeda na S\u00edria; no entanto, os l\u00edderes do movimento negaram qualquer envolvimento.<\/p>\n<p>Desde o in\u00edcio do conflito s\u00edrio, as mil\u00edcias jihadistas e os grupos de combatentes sequestraram expoentes da comunidade crist\u00e3 local. Entre eles os Bispos Ortodoxos Boulos Yazigi e Mar Gregorios Youhanna Ibrahim, sequestrados em 22 de abril de 2013; Padre Paolo Dall&#8217;Oglio &#8211; ainda sem pistas do seu paradeiro &#8211; e o sacerdote Padre Jacques Mourad, da Igreja s\u00edrio-cat\u00f3lica, que ficou nas m\u00e3os do autoproclamado Estado isl\u00e2mico durante cinco meses, antes de ser liberado.<\/p>\n<p style=\"text-align: justify;\">Fonte: R\u00e1dio Vaticano<\/p>\n","protected":false},"excerpt":{"rendered":"<p>O sacerdote franciscano Dhiya Azziz, P\u00e1roco de Yacoubieh na S\u00edria, libertado em janeiro ap\u00f3s ter sido sequestrado por terroristas isl\u00e2micos, participou na missa na Casa Santa Marta, na manh\u00e3 desta quinta-feira (25\/02). Na metade do ano passado, Padre Azziz, iraquiano de 42 anos, j\u00e1 havia sido v\u00edtima de um sequestro rel\u00e2mpago, que se concluiu de [&hellip;]<\/p>\n","protected":false},"author":1,"featured_media":0,"comment_status":"open","ping_status":"open","sticky":false,"template":"","format":"standard","meta":{"footnotes":""},"categories":[4],"tags":[],"class_list":["post-13546","post","type-post","status-publish","format-standard","hentry","category-cotidiano"],"_links":{"self":[{"href":"https:\/\/catolicanet.net\/wp-cnet\/wp-json\/wp\/v2\/posts\/13546","targetHints":{"allow":["GET"]}}],"collection":[{"href":"https:\/\/catolicanet.net\/wp-cnet\/wp-json\/wp\/v2\/posts"}],"about":[{"href":"https:\/\/catolicanet.net\/wp-cnet\/wp-json\/wp\/v2\/types\/post"}],"author":[{"embeddable":true,"href":"https:\/\/catolicanet.net\/wp-cnet\/wp-json\/wp\/v2\/users\/1"}],"replies":[{"embeddable":true,"href":"https:\/\/catolicanet.net\/wp-cnet\/wp-json\/wp\/v2\/comments?post=13546"}],"version-history":[{"count":1,"href":"https:\/\/catolicanet.net\/wp-cnet\/wp-json\/wp\/v2\/posts\/13546\/revisions"}],"predecessor-version":[{"id":24448,"href":"https:\/\/catolicanet.net\/wp-cnet\/wp-json\/wp\/v2\/posts\/13546\/revisions\/24448"}],"wp:attachment":[{"href":"https:\/\/catolicanet.net\/wp-cnet\/wp-json\/wp\/v2\/media?parent=13546"}],"wp:term":[{"taxonomy":"category","embeddable":true,"href":"https:\/\/catolicanet.net\/wp-cnet\/wp-json\/wp\/v2\/categories?post=13546"},{"taxonomy":"post_tag","embeddable":true,"href":"https:\/\/catolicanet.net\/wp-cnet\/wp-json\/wp\/v2\/tags?post=13546"}],"curies":[{"name":"wp","href":"https:\/\/api.w.org\/{rel}","templated":true}]}}