{"id":13509,"date":"2016-02-23T13:29:33","date_gmt":"2016-02-23T16:29:33","guid":{"rendered":"http:\/\/catolicanet.net\/wp-cnet\/2016\/02\/23\/aparecida-ganha-museu-de-cera-sacro-inedito-no-brasil\/"},"modified":"2017-05-31T11:49:42","modified_gmt":"2017-05-31T14:49:42","slug":"aparecida-ganha-museu-de-cera-sacro-inedito-no-brasil","status":"publish","type":"post","link":"https:\/\/catolicanet.net\/wp-cnet\/aparecida-ganha-museu-de-cera-sacro-inedito-no-brasil\/","title":{"rendered":"Aparecida ganha museu de cera sacro in\u00e9dito no Brasil"},"content":{"rendered":"<p style=\"text-align: justify;\"><img decoding=\"async\" src=\"http:\/\/catolicanet.com.br\/images\/stories\/geral\/museu_de_cera.jpg\" border=\"0\" align=\"left\" \/>O Santu\u00e1rio Nacional de Aparecida por meio de parceria com o Grupo Dreams abriu nesta sexta-feira (12) o seu mais novo atrativo tur\u00edstico religioso: o Museu de Cera Nossa Senhora Aparecida. O empreendimento \u00e9 considerado pelos seus investidores como o primeiro do g\u00eanero no Brasil e na Am\u00e9rica do Sul.<\/p>\n<p>Em fase de experi\u00eancia, o novo empreendimento ter\u00e1 o seu lan\u00e7amento apenas no pr\u00f3ximo dia 22 de mar\u00e7o, mas os devotos e visitantes que passarem pela Casa da M\u00e3e Aparecida poder\u00e3o conferir os cen\u00e1rios e as est\u00e1tuas de cera em tamanho natural e de grande realismo.<\/p>\n<p>Museu de Cera no Santu\u00e1rio Nacional de Aparecida (cr\u00e9dito Elisangela Cavalheiro)<\/p>\n<p>O empreendimento foi projetado para oferecer aos devotos, por meio das 70 pe\u00e7as de cera em seus 20 cen\u00e1rios diferentes, um retorno \u00e0s fontes da hist\u00f3ria e ao passado da devo\u00e7\u00e3o \u00e0 Padroeira do Brasil, como tamb\u00e9m lan\u00e7ar um olhar para os acontecimentos mais recentes.<\/p>\n<p>De acordo com Cristiano Buerger Filho, um dos investidores do Grupo Dreams, a parceria para a constru\u00e7\u00e3o desse empreendimento entre o Santu\u00e1rio Nacional e o Grupo Dreams e a Rex Turismo come\u00e7ou h\u00e1 quatro anos.<\/p>\n<p>\u201cEscolhemos Aparecida pelo grande n\u00famero de turistas e romeiros e iniciamos esse projeto h\u00e1 quatro anos quando tivemos a ideia. Come\u00e7amos a pesquisar, entramos em contato com todos os colaboradores da \u00e1rea de assessoria do Santu\u00e1rio para retirar informa\u00e7\u00f5es de parte da hist\u00f3ria e come\u00e7amos a elaborar os cen\u00e1rios\u201d, contou Buerger ao A12.com.<\/p>\n<p>Museu de Cera no Santu\u00e1rio Nacional de Aparecida (cr\u00e9dito Elisangela Cavalheiro)<\/p>\n<p>Grupo de Investidores do Museu. Na foto,<br \/>Cristiano Buerger, segundo da esquerda para a direita<br \/>e ao seu lado, F\u00e1bio da L\u00f3tus &#8211; Implanta\u00e7\u00e3o de Projetos<br \/>parceiro do Santu\u00e1rio Nacional de Aparecida.<\/p>\n<p><img decoding=\"async\" src=\"http:\/\/catolicanet.com.br\/images\/stories\/geral\/museu_de_cera_n.jpg\" border=\"0\" align=\"left\" \/>Cada est\u00e1tua implicou em quatro meses de trabalho para um grupo formado por artistas de tr\u00eas ateli\u00eas diferentes, localizados nos Estados Unidos, Inglaterra e Fran\u00e7a.<\/p>\n<p>O projeto que conta com equipe de monitoramento para visita dever\u00e1 acrescentar novas pe\u00e7as \u00e0 sua cole\u00e7\u00e3o e no pr\u00f3ximo semestre ir\u00e1 instalar um cinema com experi\u00eancia em 4D que oferecer\u00e1 a possibilidade de fechar a visita com uma exibi\u00e7\u00e3o de aproximadamente 12 minutos.<\/p>\n<p>Hor\u00e1rio de funcionamento:<\/p>\n<p>O Museu de Cera vai funcionar de segunda \u00e0 sexta-feira, no hor\u00e1rio das 9h \u00e0s 18h, s\u00e1bados das 7h \u00e0s 19h e domingos e feriados das 7h \u00e0s 18h.<\/p>\n<p>O valor da entrada \u00e9 R$ 24,00 e o visitante n\u00e3o tem limite de tempo para permanecer no local. Haver\u00e1 desconto de 50% para idosos, estudantes, e portadores de necessidades especiais<\/p>\n<p style=\"text-align: justify;\">Fonte: Santu\u00e1rio Nacional Aparecida<\/p>\n","protected":false},"excerpt":{"rendered":"<p>O Santu\u00e1rio Nacional de Aparecida por meio de parceria com o Grupo Dreams abriu nesta sexta-feira (12) o seu mais novo atrativo tur\u00edstico religioso: o Museu de Cera Nossa Senhora Aparecida. O empreendimento \u00e9 considerado pelos seus investidores como o primeiro do g\u00eanero no Brasil e na Am\u00e9rica do Sul. Em fase de experi\u00eancia, o [&hellip;]<\/p>\n","protected":false},"author":1,"featured_media":0,"comment_status":"open","ping_status":"open","sticky":false,"template":"","format":"standard","meta":{"footnotes":""},"categories":[4],"tags":[],"class_list":["post-13509","post","type-post","status-publish","format-standard","hentry","category-cotidiano"],"_links":{"self":[{"href":"https:\/\/catolicanet.net\/wp-cnet\/wp-json\/wp\/v2\/posts\/13509","targetHints":{"allow":["GET"]}}],"collection":[{"href":"https:\/\/catolicanet.net\/wp-cnet\/wp-json\/wp\/v2\/posts"}],"about":[{"href":"https:\/\/catolicanet.net\/wp-cnet\/wp-json\/wp\/v2\/types\/post"}],"author":[{"embeddable":true,"href":"https:\/\/catolicanet.net\/wp-cnet\/wp-json\/wp\/v2\/users\/1"}],"replies":[{"embeddable":true,"href":"https:\/\/catolicanet.net\/wp-cnet\/wp-json\/wp\/v2\/comments?post=13509"}],"version-history":[{"count":1,"href":"https:\/\/catolicanet.net\/wp-cnet\/wp-json\/wp\/v2\/posts\/13509\/revisions"}],"predecessor-version":[{"id":26405,"href":"https:\/\/catolicanet.net\/wp-cnet\/wp-json\/wp\/v2\/posts\/13509\/revisions\/26405"}],"wp:attachment":[{"href":"https:\/\/catolicanet.net\/wp-cnet\/wp-json\/wp\/v2\/media?parent=13509"}],"wp:term":[{"taxonomy":"category","embeddable":true,"href":"https:\/\/catolicanet.net\/wp-cnet\/wp-json\/wp\/v2\/categories?post=13509"},{"taxonomy":"post_tag","embeddable":true,"href":"https:\/\/catolicanet.net\/wp-cnet\/wp-json\/wp\/v2\/tags?post=13509"}],"curies":[{"name":"wp","href":"https:\/\/api.w.org\/{rel}","templated":true}]}}