{"id":13507,"date":"2016-02-23T13:14:22","date_gmt":"2016-02-23T16:14:22","guid":{"rendered":"http:\/\/catolicanet.net\/wp-cnet\/2016\/02\/23\/regional-sul-2-promove-encontros-de-comunicadores\/"},"modified":"2017-06-02T14:01:18","modified_gmt":"2017-06-02T17:01:18","slug":"regional-sul-2-promove-encontros-de-comunicadores","status":"publish","type":"post","link":"https:\/\/catolicanet.net\/wp-cnet\/regional-sul-2-promove-encontros-de-comunicadores\/","title":{"rendered":"Regional Sul 2 promove encontros de comunicadores"},"content":{"rendered":"<p style=\"text-align: justify;\"><img decoding=\"async\" src=\"http:\/\/catolicanet.com.br\/images\/stories\/geral\/comunicac.jpg\" border=\"0\" align=\"left\" \/>Agentes da Pastoral da Comunica\u00e7\u00e3o (Pascom), jornalistas que atuam na comunica\u00e7\u00e3o eclesial e representantes de emissoras cat\u00f3licas do Paran\u00e1 dar\u00e3o continuidade ao processo de melhoria na articula\u00e7\u00e3o da comunica\u00e7\u00e3o no regional Sul 2 da Confer\u00eancia Nacional dos Bispos do Brasil (CNBB). No pr\u00f3ximo final de semana, no dias 27 e 28 de fevereiro, a cidade de Umuarama (PR) receber\u00e1 tr\u00eas eventos relacionados ao tema, realizados em conjunto.<\/p>\n<p>O 6\u00ba Encontro Regional dos Coordenadores Diocesanos da Pascom, 2\u00ba Encontro de Jornalistas das Dioceses, Pastorais e Organismos do Regional Sul 2 e a reuni\u00e3o com respons\u00e1veis pelas emissoras de r\u00e1dios cat\u00f3licas no Paran\u00e1 ser\u00e3o momentos, considerados pela coordena\u00e7\u00e3o, de comunh\u00e3o, partilha e ora\u00e7\u00e3o. \u201cUma oportunidade para fortalecermos os v\u00ednculos, criar amizades, esp\u00edrito de companheirismo, debater sobre as dificuldades e oportunidades. Sonhando juntos, trabalhando juntos, rezando juntos com certeza seremos ainda mais fortes em nossa miss\u00e3o\u201d, afirma o coordenador regional da Pascom, Jorge Teles.<\/p>\n<p>Para o evento, que englobar\u00e1 os tr\u00eas encontros de comunicadores, s\u00e3o convocadas as coordena\u00e7\u00f5es e agentes diocesanos da Pascom e convidados os jornalistas que atuam nas assessorias das arqui\/dioceses, pastorais e organismos da CNBB no regional Sul 2, al\u00e9m dos profissionais que atuam nas r\u00e1dios cat\u00f3licas do estado do Paran\u00e1.<br \/>Localiza\u00e7\u00e3o<\/p>\n<p>O encontro em Umuarama ser\u00e1 na Ch\u00e1cara S\u00e3o Francisco de Assis, com in\u00edcio no s\u00e1bado, \u00e0s 12h, com o almo\u00e7o. Na parte da manh\u00e3 do s\u00e1bado, das 9h \u00e0s 11h, haver\u00e1 uma reuni\u00e3o com os representantes das emissoras de r\u00e1dio.<\/p>\n<p>Para garantir a participa\u00e7\u00e3o, \u00e9 necess\u00e1rio fazer a inscri\u00e7\u00e3o at\u00e9 a quarta-feira, 24 de fevereiro, pelo do email secretaria@cnbbs2.org.br, encaminhando na mensagem o nome completo do participante, cidade e diocese e a fun\u00e7\u00e3o que desempenha (Pascom, jornalista ou representante de r\u00e1dio).<\/p>\n<p>Informa\u00e7\u00f5es, entre em contato pelo e-mail secretaria@cnbbs2.org.br ou telefone (41) 3224 7512.<\/p>\n<p>Com informa\u00e7\u00f5es e fotografia do regional Sul 2 da CNBB<\/p>\n<p style=\"text-align: justify;\">Fonte: CNBB<\/p>\n","protected":false},"excerpt":{"rendered":"<p>Agentes da Pastoral da Comunica\u00e7\u00e3o (Pascom), jornalistas que atuam na comunica\u00e7\u00e3o eclesial e representantes de emissoras cat\u00f3licas do Paran\u00e1 dar\u00e3o continuidade ao processo de melhoria na articula\u00e7\u00e3o da comunica\u00e7\u00e3o no regional Sul 2 da Confer\u00eancia Nacional dos Bispos do Brasil (CNBB). No pr\u00f3ximo final de semana, no dias 27 e 28 de fevereiro, a cidade [&hellip;]<\/p>\n","protected":false},"author":1,"featured_media":0,"comment_status":"open","ping_status":"open","sticky":false,"template":"","format":"standard","meta":{"footnotes":""},"categories":[3],"tags":[],"class_list":["post-13507","post","type-post","status-publish","format-standard","hentry","category-vaticano"],"_links":{"self":[{"href":"https:\/\/catolicanet.net\/wp-cnet\/wp-json\/wp\/v2\/posts\/13507","targetHints":{"allow":["GET"]}}],"collection":[{"href":"https:\/\/catolicanet.net\/wp-cnet\/wp-json\/wp\/v2\/posts"}],"about":[{"href":"https:\/\/catolicanet.net\/wp-cnet\/wp-json\/wp\/v2\/types\/post"}],"author":[{"embeddable":true,"href":"https:\/\/catolicanet.net\/wp-cnet\/wp-json\/wp\/v2\/users\/1"}],"replies":[{"embeddable":true,"href":"https:\/\/catolicanet.net\/wp-cnet\/wp-json\/wp\/v2\/comments?post=13507"}],"version-history":[{"count":1,"href":"https:\/\/catolicanet.net\/wp-cnet\/wp-json\/wp\/v2\/posts\/13507\/revisions"}],"predecessor-version":[{"id":28598,"href":"https:\/\/catolicanet.net\/wp-cnet\/wp-json\/wp\/v2\/posts\/13507\/revisions\/28598"}],"wp:attachment":[{"href":"https:\/\/catolicanet.net\/wp-cnet\/wp-json\/wp\/v2\/media?parent=13507"}],"wp:term":[{"taxonomy":"category","embeddable":true,"href":"https:\/\/catolicanet.net\/wp-cnet\/wp-json\/wp\/v2\/categories?post=13507"},{"taxonomy":"post_tag","embeddable":true,"href":"https:\/\/catolicanet.net\/wp-cnet\/wp-json\/wp\/v2\/tags?post=13507"}],"curies":[{"name":"wp","href":"https:\/\/api.w.org\/{rel}","templated":true}]}}