{"id":1350,"date":"2011-11-21T12:56:16","date_gmt":"2011-11-21T14:56:16","guid":{"rendered":"http:\/\/catolicanet.net\/wp-cnet\/papa-entrega-a-exortacao-apostolica-qafricae-munusq-nao-se-trata-so-de-um-documento-mas-da-adesao-a-cristo\/"},"modified":"2017-03-20T10:47:13","modified_gmt":"2017-03-20T13:47:13","slug":"papa-entrega-a-exortacao-apostolica-qafricae-munusq-nao-se-trata-so-de-um-documento-mas-da-adesao-a-cristo","status":"publish","type":"post","link":"https:\/\/catolicanet.net\/wp-cnet\/papa-entrega-a-exortacao-apostolica-qafricae-munusq-nao-se-trata-so-de-um-documento-mas-da-adesao-a-cristo\/","title":{"rendered":"Papa entrega a Exorta\u00e7\u00e3o Apost\u00f3lica &#8220;Africae munus&#8221;"},"content":{"rendered":"<p style=\"text-align: justify;\"><img decoding=\"async\" src=\"images\/stories\/bento.jpg\" border=\"0\" align=\"left\" \/>Ao final da Santa Missa celebrada no Est\u00e1dio da Amizade de Cotonou, capital do Benin, houve um dos momentos mais aguardados desta visita: a entrega da Exorta\u00e7\u00e3o Apost\u00f3lica p\u00f3s-sinodal &#8220;Africae munus&#8221; (O compromisso da \u00c1frica).<\/p>\n<p>&#8220;Depois de ter assinado, ontem, a Exorta\u00e7\u00e3o apost\u00f3lica p\u00f3s-sinodal Afric\u00e6 munus, tenho hoje a alegria de poder entreg\u00e1-la a todas as Igrejas particulares na pessoa de cada um de voc\u00eas, os Presidentes das Confer\u00eancias Episcopais da \u00c1frica  tanto nacionais como regionais  e os Presidentes dos S\u00ednodos das Igrejas Orientais Cat\u00f3licas.&#8221;<\/p>\n<p>Depois da recep\u00e7\u00e3o deste documento, t\u00eam in\u00edcio, em n\u00edvel local, as fases de assimila\u00e7\u00e3o e aplica\u00e7\u00e3o dos dados teol\u00f3gicos, eclesiol\u00f3gicos, espirituais e pastorais contidos nesta Exorta\u00e7\u00e3o. Este texto pretende promover, estimular e consolidar as diversas iniciativas locais j\u00e1 existentes, mas quer tamb\u00e9m inspirar outras para a Igreja Cat\u00f3lica na \u00c1frica.<\/p>\n<p>&#8220;Espero que esta Exorta\u00e7\u00e3o possa os guiar no an\u00fancio da Boa Nova de Jesus na \u00c1frica. N\u00e3o se trata apenas duma mensagem ou duma palavra; mas \u00e9 sobretudo abertura e ades\u00e3o a uma Pessoa: Jesus Cristo, o Verbo encarnado. A evangeliza\u00e7\u00e3o pressup\u00f5e e inclui tamb\u00e9m a reconcilia\u00e7\u00e3o, e promove a paz e a justi\u00e7a&#8221;, disse o Papa, recordando que uma das primeiras tarefas da Igreja permanece o an\u00fancio de Jesus Cristo.<\/p>\n","protected":false},"excerpt":{"rendered":"<p>Ao final da Santa Missa celebrada no Est\u00e1dio da Amizade de Cotonou, capital do Benin, houve um dos momentos mais aguardados desta visita: a entrega da Exorta\u00e7\u00e3o Apost\u00f3lica p\u00f3s-sinodal &#8220;Africae munus&#8221; (O compromisso da \u00c1frica). &#8220;Depois de ter assinado, ontem, a Exorta\u00e7\u00e3o apost\u00f3lica p\u00f3s-sinodal Afric\u00e6 munus, tenho hoje a alegria de poder entreg\u00e1-la a todas [&hellip;]<\/p>\n","protected":false},"author":1,"featured_media":1349,"comment_status":"closed","ping_status":"closed","sticky":false,"template":"","format":"standard","meta":{"footnotes":""},"categories":[3],"tags":[],"class_list":["post-1350","post","type-post","status-publish","format-standard","has-post-thumbnail","hentry","category-vaticano"],"_links":{"self":[{"href":"https:\/\/catolicanet.net\/wp-cnet\/wp-json\/wp\/v2\/posts\/1350","targetHints":{"allow":["GET"]}}],"collection":[{"href":"https:\/\/catolicanet.net\/wp-cnet\/wp-json\/wp\/v2\/posts"}],"about":[{"href":"https:\/\/catolicanet.net\/wp-cnet\/wp-json\/wp\/v2\/types\/post"}],"author":[{"embeddable":true,"href":"https:\/\/catolicanet.net\/wp-cnet\/wp-json\/wp\/v2\/users\/1"}],"replies":[{"embeddable":true,"href":"https:\/\/catolicanet.net\/wp-cnet\/wp-json\/wp\/v2\/comments?post=1350"}],"version-history":[{"count":1,"href":"https:\/\/catolicanet.net\/wp-cnet\/wp-json\/wp\/v2\/posts\/1350\/revisions"}],"predecessor-version":[{"id":6650,"href":"https:\/\/catolicanet.net\/wp-cnet\/wp-json\/wp\/v2\/posts\/1350\/revisions\/6650"}],"wp:featuredmedia":[{"embeddable":true,"href":"https:\/\/catolicanet.net\/wp-cnet\/wp-json\/wp\/v2\/media\/1349"}],"wp:attachment":[{"href":"https:\/\/catolicanet.net\/wp-cnet\/wp-json\/wp\/v2\/media?parent=1350"}],"wp:term":[{"taxonomy":"category","embeddable":true,"href":"https:\/\/catolicanet.net\/wp-cnet\/wp-json\/wp\/v2\/categories?post=1350"},{"taxonomy":"post_tag","embeddable":true,"href":"https:\/\/catolicanet.net\/wp-cnet\/wp-json\/wp\/v2\/tags?post=1350"}],"curies":[{"name":"wp","href":"https:\/\/api.w.org\/{rel}","templated":true}]}}