{"id":13498,"date":"2016-02-22T17:14:44","date_gmt":"2016-02-22T20:14:44","guid":{"rendered":"http:\/\/catolicanet.net\/wp-cnet\/2016\/02\/22\/festa-da-catedra-de-pedro\/"},"modified":"2017-05-31T11:49:46","modified_gmt":"2017-05-31T14:49:46","slug":"festa-da-catedra-de-pedro","status":"publish","type":"post","link":"https:\/\/catolicanet.net\/wp-cnet\/festa-da-catedra-de-pedro\/","title":{"rendered":"Festa da C\u00e1tedra de Pedro"},"content":{"rendered":"<p style=\"text-align: justify;\"><img decoding=\"async\" src=\"http:\/\/catolicanet.com.br\/images\/stories\/geral\/sao-pedro-paramentado-480x493.jpg\" border=\"0\" align=\"left\" \/>Da C\u00e1tedra de Pedro ressoa uma voz\u2026 A voz infal\u00edvel \u00e0 voz de Cristo, onde a nossa F\u00e9, est\u00e1 firmemente alicer\u00e7ada\u2026<\/p>\n<p style=\"text-align: justify;\">S\u00e3o Pedro paramentado\u00a0\u00a0\u00a0 <\/p>\n<p>Imagem de bronze de S\u00e3o Pedro, paramentada no dia de sua festa. No fundo: altar com rel\u00edquias do trono do Pr\u00edncipe dos Ap\u00f3stolos &#8211; Wikipedia Commons<\/p>\n<p>A Igreja celebra hoje, dia 22 de fevereiro, a Festa da C\u00e1tedra de S\u00e3o Pedro. Mas por que \u00e9 celebrada a \u201cc\u00e1tedra\u201d de Pedro? Antes, vamos entender o significado da palavra \u201cc\u00e1tedra\u201d. A \u201cc\u00e1tedra\u201d literalmente quer dizer a sede fixa do bispo, localizada na Igreja m\u00e3e de uma diocese que, por este motivo, \u00e9 chamada \u201ccatedral\u201d. A festa de hoje, no entanto, n\u00e3o \u00e9 uma festa em honra de uma pe\u00e7a de mobili\u00e1rio \u2013 uma cadeira. N\u00e3o. A festa de hoje celebra o Primado do Papa como chefe da Igreja Cat\u00f3lica. Ela simboliza a autoridade do bispo e, em particular, de seu \u201cmagist\u00e9rio\u201d, ou seja, do ensinamento evang\u00e9lico que ele, enquanto sucessor dos ap\u00f3stolos, est\u00e1 chamado a transmitir \u00e0 comunidade crist\u00e3.<\/p>\n<p>Sabemos pela Tradi\u00e7\u00e3o da Igreja que S\u00e3o Pedro residiu durante algum tempo em Antioquia, a cidade onde os Disc\u00edpulos come\u00e7aram a serem chamados de Crist\u00e3o pela primeira vez. Nela, pregou o Evangelho e, a seguir, retornou a Jerusal\u00e9m, onde algum tempo depois se desencadeou uma sangrenta persegui\u00e7\u00e3o: o rei Herodes mandou degolar S\u00e3o Tiago e, vendo que isso agradava aos Judeus, mandou tamb\u00e9m prender S\u00e3o Pedro.<\/p>\n<p>Libertado por interven\u00e7\u00e3o de um anjo, Pedro abandonou a Palestina, indo para outro lugar. Os Atos dos Ap\u00f3stolos n\u00e3o nos dizem para onde foi, mas sabemos pela Tradi\u00e7\u00e3o que se dirigiu para a Roma, a Cidade Eterna.<\/p>\n<p>O pescador da Galileia converteu-se, assim, em alicerce e rocha da Igreja e estabeleceu a sua sede na Cidade Eterna \u2013 \u201cTu \u00e9s Pedro, e sobre esta pedra construirei a minha Igreja\u201d (Mateus 16,18). Dali, anunciou o seu Mestre, como tinha feito na Judeia e na Samaria, na Galileia e em Antioquia. Da C\u00e1tedra de Roma governou toda a Igreja, instruiu todos os Crist\u00e3os e, confirmando a sua prega\u00e7\u00e3o, derramou o seu sangue a exemplo do seu Mestre.<\/p>\n<p>E ao celebramos a C\u00e1tedra de Pedro, n\u00f3s celebramos a gra\u00e7a que Deus concedeu a Igreja, o dom da infalibilidade quando ensina a doutrina. Portanto, quando da C\u00e1tedra de Pedro, os papas e os bispos ensinam para todos n\u00f3s a verdade da f\u00e9, como nos ensina o Catecismo da Igreja Cat\u00f3lica, n\u00e3o h\u00e1 erro! \u201cPara manter a Igreja na pureza da f\u00e9 transmitida pelos ap\u00f3stolos, Cristo quis conferir \u00e0 sua Igreja uma participa\u00e7\u00e3o em sua pr\u00f3pria infalibilidade, Ele que \u00e9 a Verdade. Pelo sentido sobrenatural da f\u00e9, sob a guia do Magist\u00e9rio vivo da Igreja.\u201d CIC 889<\/p>\n<p>O t\u00famulo do Pr\u00edncipe dos Ap\u00f3stolos situa-se debaixo do altar da Confiss\u00e3o, na Bas\u00edlica de S\u00e3o Pedro \u2013 conforme afirma unanimemente a Tradi\u00e7\u00e3o, ratificada pelas descobertas arqueol\u00f3gicas, dando assim a entender, tamb\u00e9m de um modo material e vis\u00edvel, que Sim\u00e3o Pedro \u00e9, por expressa vontade divina, a rocha firme, segura e inamov\u00edvel, que sust\u00e9m o edif\u00edcio da Igreja atrav\u00e9s dos s\u00e9culos. No seu magist\u00e9rio e no dos seus Sucessores.<\/p>\n<p>Estejamos atentos ao olharmos para o \u201cPedro\u201d nos dias de hoje, que se chama Papa Francisco, representante para n\u00f3s da pessoa de Jesus Cristo e sucessor do ap\u00f3stolo Pedro, e nos deixemos alcan\u00e7ar por esta voz que ressoa da C\u00e1tedra de Pedro, de modo infal\u00edvel \u00e0 voz de Cristo, onde a nossa F\u00e9, est\u00e1 firmemente alicer\u00e7ada.<\/p>\n<p>S\u00e3o Pedro, rogai por n\u00f3s!<\/p>\n<p style=\"text-align: justify;\">Fonte: Zenit<\/p>\n","protected":false},"excerpt":{"rendered":"<p>Da C\u00e1tedra de Pedro ressoa uma voz\u2026 A voz infal\u00edvel \u00e0 voz de Cristo, onde a nossa F\u00e9, est\u00e1 firmemente alicer\u00e7ada\u2026 S\u00e3o Pedro paramentado\u00a0\u00a0\u00a0 Imagem de bronze de S\u00e3o Pedro, paramentada no dia de sua festa. No fundo: altar com rel\u00edquias do trono do Pr\u00edncipe dos Ap\u00f3stolos &#8211; Wikipedia Commons A Igreja celebra hoje, dia [&hellip;]<\/p>\n","protected":false},"author":1,"featured_media":0,"comment_status":"open","ping_status":"open","sticky":false,"template":"","format":"standard","meta":{"footnotes":""},"categories":[4],"tags":[],"class_list":["post-13498","post","type-post","status-publish","format-standard","hentry","category-cotidiano"],"_links":{"self":[{"href":"https:\/\/catolicanet.net\/wp-cnet\/wp-json\/wp\/v2\/posts\/13498","targetHints":{"allow":["GET"]}}],"collection":[{"href":"https:\/\/catolicanet.net\/wp-cnet\/wp-json\/wp\/v2\/posts"}],"about":[{"href":"https:\/\/catolicanet.net\/wp-cnet\/wp-json\/wp\/v2\/types\/post"}],"author":[{"embeddable":true,"href":"https:\/\/catolicanet.net\/wp-cnet\/wp-json\/wp\/v2\/users\/1"}],"replies":[{"embeddable":true,"href":"https:\/\/catolicanet.net\/wp-cnet\/wp-json\/wp\/v2\/comments?post=13498"}],"version-history":[{"count":1,"href":"https:\/\/catolicanet.net\/wp-cnet\/wp-json\/wp\/v2\/posts\/13498\/revisions"}],"predecessor-version":[{"id":26412,"href":"https:\/\/catolicanet.net\/wp-cnet\/wp-json\/wp\/v2\/posts\/13498\/revisions\/26412"}],"wp:attachment":[{"href":"https:\/\/catolicanet.net\/wp-cnet\/wp-json\/wp\/v2\/media?parent=13498"}],"wp:term":[{"taxonomy":"category","embeddable":true,"href":"https:\/\/catolicanet.net\/wp-cnet\/wp-json\/wp\/v2\/categories?post=13498"},{"taxonomy":"post_tag","embeddable":true,"href":"https:\/\/catolicanet.net\/wp-cnet\/wp-json\/wp\/v2\/tags?post=13498"}],"curies":[{"name":"wp","href":"https:\/\/api.w.org\/{rel}","templated":true}]}}