{"id":13490,"date":"2016-02-22T14:57:23","date_gmt":"2016-02-22T17:57:23","guid":{"rendered":"http:\/\/catolicanet.net\/wp-cnet\/2016\/02\/22\/padre-lombardi-deixa-a-radio-vaticano-depois-de-25-anos\/"},"modified":"2017-05-30T10:21:29","modified_gmt":"2017-05-30T13:21:29","slug":"padre-lombardi-deixa-a-radio-vaticano-depois-de-25-anos","status":"publish","type":"post","link":"https:\/\/catolicanet.net\/wp-cnet\/padre-lombardi-deixa-a-radio-vaticano-depois-de-25-anos\/","title":{"rendered":"Padre Lombardi deixa a R\u00e1dio Vaticano depois de 25 anos"},"content":{"rendered":"<p style=\"text-align: justify;\"><img decoding=\"async\" src=\"http:\/\/catolicanet.com.br\/images\/stories\/geral\/ansa890287_articolo.jpg\" border=\"0\" align=\"left\" \/>O jesu\u00edta Federico Lombardi, 73 anos, deixa a dire\u00e7\u00e3o da R\u00e1dio Vaticano no pr\u00f3ximo dia 29 de fevereiro. No \u00e2mbito das reformas da m\u00eddia do Vaticano, o Prefeito da Secretaria das Comunica\u00e7\u00f5es, Mons. Dario Edoardo Vigan\u00f2, nomeou segunda-feira (22\/02), o Dr. Giacomo Ghisani como diretor administrativo e jur\u00eddico da R\u00e1dio. <\/p>\n<p>Padre Federico Lombardi chegou \u00e0 \u201cR\u00e1dio do Papa\u201d em janeiro de 1991 como Diretor de Programa\u00e7\u00e3o e em 2005 foi nomeado Diretor Geral. O sacerdote italiano permanece na dire\u00e7\u00e3o da Sala de Imprensa da Santa S\u00e9. <\/p>\n<p>A reforma da m\u00eddia vaticana come\u00e7ou com a incorpora\u00e7\u00e3o de R\u00e1dio Vaticano; Pontif\u00edcio Conselho das Comunica\u00e7\u00f5es Sociais, Sala de Imprensa da Santa S\u00e9, Servi\u00e7o Internet Vaticano, Centro Televisivo Vaticano; L\u2019Osservatore Romano; Tipografia Vaticana; Servi\u00e7o Fotogr\u00e1fico; e Livraria Editora Vaticana, sob a nova Secretaria das Comunica\u00e7\u00f5es. <\/p>\n<p>O Conselho dos 9 Cardeais, chamado C9, disp\u00f4s que em 2016, se formalize a fus\u00e3o entre a R\u00e1dio e o CTV. Esta uni\u00e3o j\u00e1 foi iniciada com a produ\u00e7\u00e3o e a distribui\u00e7\u00e3o de \u00e1udio e v\u00eddeo das cerim\u00f4nias papais e outros eventos vaticanos.\u00a0 <\/p>\n<p>Em rela\u00e7\u00e3o \u00e0s atividades das reda\u00e7\u00f5es e do pessoal da R\u00e1dio Vaticano, a responsabilidade permanece nas m\u00e3os do Padre jesu\u00edta polon\u00eas Andrzej Majewski.<\/p>\n<p style=\"text-align: justify;\">Fonte: R\u00e1dio Vaticano<\/p>\n","protected":false},"excerpt":{"rendered":"<p>O jesu\u00edta Federico Lombardi, 73 anos, deixa a dire\u00e7\u00e3o da R\u00e1dio Vaticano no pr\u00f3ximo dia 29 de fevereiro. No \u00e2mbito das reformas da m\u00eddia do Vaticano, o Prefeito da Secretaria das Comunica\u00e7\u00f5es, Mons. Dario Edoardo Vigan\u00f2, nomeou segunda-feira (22\/02), o Dr. Giacomo Ghisani como diretor administrativo e jur\u00eddico da R\u00e1dio. Padre Federico Lombardi chegou \u00e0 [&hellip;]<\/p>\n","protected":false},"author":1,"featured_media":0,"comment_status":"open","ping_status":"open","sticky":false,"template":"","format":"standard","meta":{"footnotes":""},"categories":[7],"tags":[],"class_list":["post-13490","post","type-post","status-publish","format-standard","hentry","category-cnbb"],"_links":{"self":[{"href":"https:\/\/catolicanet.net\/wp-cnet\/wp-json\/wp\/v2\/posts\/13490","targetHints":{"allow":["GET"]}}],"collection":[{"href":"https:\/\/catolicanet.net\/wp-cnet\/wp-json\/wp\/v2\/posts"}],"about":[{"href":"https:\/\/catolicanet.net\/wp-cnet\/wp-json\/wp\/v2\/types\/post"}],"author":[{"embeddable":true,"href":"https:\/\/catolicanet.net\/wp-cnet\/wp-json\/wp\/v2\/users\/1"}],"replies":[{"embeddable":true,"href":"https:\/\/catolicanet.net\/wp-cnet\/wp-json\/wp\/v2\/comments?post=13490"}],"version-history":[{"count":1,"href":"https:\/\/catolicanet.net\/wp-cnet\/wp-json\/wp\/v2\/posts\/13490\/revisions"}],"predecessor-version":[{"id":24454,"href":"https:\/\/catolicanet.net\/wp-cnet\/wp-json\/wp\/v2\/posts\/13490\/revisions\/24454"}],"wp:attachment":[{"href":"https:\/\/catolicanet.net\/wp-cnet\/wp-json\/wp\/v2\/media?parent=13490"}],"wp:term":[{"taxonomy":"category","embeddable":true,"href":"https:\/\/catolicanet.net\/wp-cnet\/wp-json\/wp\/v2\/categories?post=13490"},{"taxonomy":"post_tag","embeddable":true,"href":"https:\/\/catolicanet.net\/wp-cnet\/wp-json\/wp\/v2\/tags?post=13490"}],"curies":[{"name":"wp","href":"https:\/\/api.w.org\/{rel}","templated":true}]}}