{"id":13487,"date":"2016-02-22T14:12:18","date_gmt":"2016-02-22T17:12:18","guid":{"rendered":"http:\/\/catolicanet.net\/wp-cnet\/2016\/02\/22\/vaticano-recebe-conferencia-internacional-para-debater-fim-da-pena-de-morte\/"},"modified":"2017-05-26T16:16:49","modified_gmt":"2017-05-26T19:16:49","slug":"vaticano-recebe-conferencia-internacional-para-debater-fim-da-pena-de-morte","status":"publish","type":"post","link":"https:\/\/catolicanet.net\/wp-cnet\/vaticano-recebe-conferencia-internacional-para-debater-fim-da-pena-de-morte\/","title":{"rendered":"Vaticano recebe Confer\u00eancia Internacional para debater fim da pena de morte"},"content":{"rendered":"<p style=\"text-align: justify;\"><img decoding=\"async\" src=\"http:\/\/catolicanet.com.br\/images\/stories\/geral\/vaticano.jpg\" border=\"0\" align=\"left\" \/>O papa Francisco pediu aos governantes que n\u00e3o autorizem nenhuma senten\u00e7a durante o Ano da Miseric\u00f3rdia<\/p>\n<p>\u201cPor um mundo sem pena de morte\u201d \u00e9 tema da Confer\u00eancia Internacional promovida pela Comunidade de Santo Eg\u00eddio. O evento ocorre hoje, 22 de janeiro, no Vaticano, com proposta de estabelecer compromisso com a aboli\u00e7\u00e3o da pena capital. Participam representantes de diversos pa\u00edses e lideran\u00e7as internacionais. <\/p>\n<p>Durante a ora\u00e7\u00e3o do Angelus, no domingo, 21, o papa Francisco disse ter esperan\u00e7a no fim da pena de morte, recordando que as sociedades modernas t\u00eam a capacidade de lidar com o crime sem remover permanentemente a quem o tenha cometido uma chance de se redimir.<\/p>\n<p>\u201cUm problema deve ser visto no contexto de um sistema de justi\u00e7a penal cada vez mais em linha com a dignidade humana e ao plano de Deus para o homem e a sociedade. O mandamento \u2018n\u00e3o matar\u00e1s\u2019 tem um valor absoluto e abrange tanto os inocentes como o culpado\u201d, pontuou Francisco.<\/p>\n<p>Na ocasi\u00e3o, fez apelo aos governantes para um consenso internacional sobre a aboli\u00e7\u00e3o da pena de morte. Pediu, em particular, aos governantes cat\u00f3licos, para n\u00e3o autorizarem nenhuma senten\u00e7a durante este Ano Santo da Miseric\u00f3rdia.<\/p>\n<p>\u201cO Jubileu especial da Miseric\u00f3rdia \u00e9 uma ocasi\u00e3o prop\u00edcia para promover no mundo formas sempre mais maduras de respeito pela vida e pela dignidade de cada pessoa. Mesmo o criminoso mant\u00e9m o direito inviol\u00e1vel \u00e0 vida, dom de Deus. Fa\u00e7o um apelo \u00e0 consci\u00eancia dos governantes, de modo que se possa alcan\u00e7ar um consenso internacional para a aboli\u00e7\u00e3o da pena de morte. E proponho \u00e0queles que de entre esses sejam cat\u00f3licos a cumprirem um gesto corajoso e exemplar: que nenhuma senten\u00e7a seja executada neste Ano Santo da Miseric\u00f3rdia\u201d, desejou o papa. <br \/>CNBB com informa\u00e7\u00f5es do News.va. <br \/>\u00daltimas not\u00edcias<\/p>\n<p> O resgate da amizade e da ternura entre homem e mulher<br \/> A inutilidade<br \/> Vaticano recebe Confer\u00eancia Internacional para debater fim da pena de morte<br \/> Amai os vossos inimigos<br \/> E o Lixo dom\u00e9stico!<\/p>\n<p>Artigos dos Bispos<\/p>\n<p> O resgate da amizade e da ternura entre homem e mulher<br \/> A inutilidade<br \/> Amai os vossos inimigos<br \/> E o Lixo dom\u00e9stico!<\/p>\n<p>Fonte: CNBB<\/p>\n","protected":false},"excerpt":{"rendered":"<p>O papa Francisco pediu aos governantes que n\u00e3o autorizem nenhuma senten\u00e7a durante o Ano da Miseric\u00f3rdia \u201cPor um mundo sem pena de morte\u201d \u00e9 tema da Confer\u00eancia Internacional promovida pela Comunidade de Santo Eg\u00eddio. O evento ocorre hoje, 22 de janeiro, no Vaticano, com proposta de estabelecer compromisso com a aboli\u00e7\u00e3o da pena capital. Participam [&hellip;]<\/p>\n","protected":false},"author":1,"featured_media":0,"comment_status":"open","ping_status":"open","sticky":false,"template":"","format":"standard","meta":{"footnotes":""},"categories":[7],"tags":[],"class_list":["post-13487","post","type-post","status-publish","format-standard","hentry","category-cnbb"],"_links":{"self":[{"href":"https:\/\/catolicanet.net\/wp-cnet\/wp-json\/wp\/v2\/posts\/13487","targetHints":{"allow":["GET"]}}],"collection":[{"href":"https:\/\/catolicanet.net\/wp-cnet\/wp-json\/wp\/v2\/posts"}],"about":[{"href":"https:\/\/catolicanet.net\/wp-cnet\/wp-json\/wp\/v2\/types\/post"}],"author":[{"embeddable":true,"href":"https:\/\/catolicanet.net\/wp-cnet\/wp-json\/wp\/v2\/users\/1"}],"replies":[{"embeddable":true,"href":"https:\/\/catolicanet.net\/wp-cnet\/wp-json\/wp\/v2\/comments?post=13487"}],"version-history":[{"count":1,"href":"https:\/\/catolicanet.net\/wp-cnet\/wp-json\/wp\/v2\/posts\/13487\/revisions"}],"predecessor-version":[{"id":23865,"href":"https:\/\/catolicanet.net\/wp-cnet\/wp-json\/wp\/v2\/posts\/13487\/revisions\/23865"}],"wp:attachment":[{"href":"https:\/\/catolicanet.net\/wp-cnet\/wp-json\/wp\/v2\/media?parent=13487"}],"wp:term":[{"taxonomy":"category","embeddable":true,"href":"https:\/\/catolicanet.net\/wp-cnet\/wp-json\/wp\/v2\/categories?post=13487"},{"taxonomy":"post_tag","embeddable":true,"href":"https:\/\/catolicanet.net\/wp-cnet\/wp-json\/wp\/v2\/tags?post=13487"}],"curies":[{"name":"wp","href":"https:\/\/api.w.org\/{rel}","templated":true}]}}