{"id":13482,"date":"2016-02-19T16:38:53","date_gmt":"2016-02-19T18:38:53","guid":{"rendered":"http:\/\/catolicanet.net\/wp-cnet\/2016\/02\/19\/papa-liberou-os-contraceptivos-mas-nem-com-muita-zika\/"},"modified":"2017-05-31T11:49:49","modified_gmt":"2017-05-31T14:49:49","slug":"papa-liberou-os-contraceptivos-mas-nem-com-muita-zika","status":"publish","type":"post","link":"https:\/\/catolicanet.net\/wp-cnet\/papa-liberou-os-contraceptivos-mas-nem-com-muita-zika\/","title":{"rendered":"Papa liberou os contraceptivos? Mas nem com muita zika!"},"content":{"rendered":"<p style=\"text-align: justify;\"><img decoding=\"async\" src=\"http:\/\/catolicanet.com.br\/images\/stories\/geral\/image-o-catequista.jpg\" border=\"0\" align=\"left\" \/>Resumindo: aborto \u00e9 crime, usar contraceptivos \u00e9 pecado que pode ser tolerado em casos muito extremos e o Zika n\u00e3o \u00e9 um deles \u2013 que se procure uma vacina.<br \/>19 fevereiro 2016Alexandre VarelaAn\u00e1lise<br \/>Imagem, O Catequista\u00a0\u00a0\u00a0 <\/p>\n<p>O Catequista<br \/>Com a sua linguagem jovial caracter\u00edstica o blog O Catequista publicou ontem um post relacionado \u00e0 grande distor\u00e7\u00e3o que a m\u00eddia est\u00e1 fazendo \u2013 como de costume \u2013 das palavras do Papa, aquelas pronunciadas durante o voo de regresso \u00e0 Roma, ap\u00f3s a sua viagem ao M\u00e9xico. Republicamos o post aqui. O original encontra-se nesse link.<\/p>\n<p>E tome treta a\u00e9rea, Povo Cat\u00f3lico!<\/p>\n<p>O avi\u00e3o do Papa nem desceu direito e os jornais j\u00e1 est\u00e3o estampando a barbaridade abaixo:<\/p>\n<p>Zika<\/p>\n<p>Pra variar, pin\u00e7aram ideologicamente o que lhes interessava dizer. A pergunta em quest\u00e3o foi essa aqui, feita por Paloma Garcia, da \u201cCope\u201d (uma ag\u00eancia de not\u00edcias espanhola):<\/p>\n<p> Santo Padre, h\u00e1 algumas semanas h\u00e1 muita preocupa\u00e7\u00e3o em muitos pa\u00edses latino-americanos, mas tamb\u00e9m na Europa, sobre o v\u00edrus \u201cZika\u201d. O risco maior seria para as mulheres gr\u00e1vidas: h\u00e1 angustia. Algumas autoridades propuseram o aborto, ou de se evitar a gravidez. Neste caso, a Igreja pode levar em considera\u00e7\u00e3o o conceito de \u201centre os males, o menor\u201d?<\/p>\n<p> Papa Francisco: O aborto n\u00e3o \u00e9 um \u201cmal menor\u201d. \u00c9 um crime. \u00c9 descartar um para salvar o outro. \u00c9 aquilo que a m\u00e1fia faz, eh? \u00c9 um crime. \u00c9 um mal absoluto. Sobre \u201cmal menor\u201d: mas, evitar a gravidez \u00e9 \u2013 falemos em termos de conflito entre o quinto e o sexto Mandamento. Paulo VI, o Grande!, em uma situa\u00e7\u00e3o dif\u00edcil, na \u00c1frica, permitiu \u00e0s religiosas de usar anticoncepcionais para os casos de viol\u00eancia. N\u00e3o confundir o mal de evitar a gravidez, sozinho, com o aborto. O aborto n\u00e3o \u00e9 um problema teol\u00f3gico: \u00e9 um problema humano, \u00e9 um problema m\u00e9dico. Mata-se uma pessoa para salvar uma outra \u2013 nos melhores dos casos. Ou por conforto, n\u00e3o? Vai contra o Juramento de Hip\u00f3crates que os m\u00e9dicos devem fazer. \u00c9 um mal em si mesmo, mas n\u00e3o \u00e9 um mal religioso, ao in\u00edcio: n\u00e3o, \u00e9 um mal humano. Al\u00e9m disso, evidentemente, j\u00e1 que \u00e9 um mal humano \u2013 como todos assassinatos \u2013 \u00e9 condenado. Ao inv\u00e9s, evitar a gravidez n\u00e3o \u00e9 um mal absoluto: e, em certos casos, como neste, como naquele que mencionei do Beato Paulo VI, era claro. Ainda, eu exortaria os m\u00e9dicos para que fa\u00e7am tudo para encontrar as vacinas contra estes dois mosquitos que trazem este mal: sobre isto se deve trabalhar. Obrigado.<\/p>\n<p>Eu sei, eu sei\u2026 voc\u00ea leu, leu, leu e, no final das contas, ficou com a impress\u00e3o de que ele disse isso mesmo, n\u00e3o foi? A quest\u00e3o \u00e9 que ele se deteve em comparar o sexto com o quinto mandamento. E deixou claro: o aborto n\u00e3o \u00e9 um problema religioso, \u00e9 humano, porque tem a ver com assassinato, com escolher quem pode e quem n\u00e3o pode viver. \u00c9 um crime!<\/p>\n<p>A quest\u00e3o da contracep\u00e7\u00e3o acaba sendo menos grave (do ponto de vista n\u00e3o-religioso), porque \u00e9 um problema teol\u00f3gico. \u00c9 pecado. Mas voc\u00ea ainda est\u00e1 vivo pra poder consertar, ao contr\u00e1rio do aborto que \u00e9 irrevers\u00edvel.<\/p>\n<p>Dom Odilo Scherer fez exatamente a mesma observa\u00e7\u00e3o em uma entrevista h\u00e1 pouco tempo atr\u00e1s (Entrevista Dom Odilo). Ele coloca o aborto como crime e a contracep\u00e7\u00e3o como problema de liberdade. S\u00f3 lembrando que optar por esperar um pouco para engravidar, n\u00e3o envolve necessariamente contracep\u00e7\u00e3o, j\u00e1 que pode ser feito por contin\u00eancia ou M\u00e9todo Billings!<\/p>\n<p>O CASO DAS FREIRAS<\/p>\n<p>Ok, ok\u2026 eles est\u00e3o cert\u00edssimos. Mas e a quest\u00e3o das freiras? N\u00e3o d\u00e1 a entender que o Papa liberou a contracep\u00e7\u00e3o? Sim, se voc\u00ea for um jornalista \u00e1vido por uma declara\u00e7\u00e3o bomb\u00e1stica e pouco comprometido com a verdade dos fatos.<\/p>\n<p>O caso das freiras liberadas por Paulo VI para tomar contraceptivos \u00e9 muito extremo. As freiras estavam na imin\u00eancia de serem violentadas sexualmente e, para evitar um mal maior ainda, foram autorizadas a utilizar p\u00edlulas anticoncepcionais. Lembrando que o sexo para um cat\u00f3lico deve carregar duas caracter\u00edsticas: unitiva e procriativa, coisa que s\u00f3 \u00e9 poss\u00edvel de maneira respons\u00e1vel dentro do sagrado la\u00e7o do Matrim\u00f4nio. Obviamente, um estupro n\u00e3o se enquadra no que a Igreja entende como sexo (com finalidade unitiva e procriativa), logo, n\u00e3o h\u00e1 porque se estar aberto \u00e0 vida. Mas essa \u00e9 uma quest\u00e3o pontual, n\u00e3o uma regra! Tanto que precisou da aprova\u00e7\u00e3o de Paulo VI.<\/p>\n<p>Ali\u00e1s, vale acrescentar que, neste epis\u00f3dio, Paulo VI tamb\u00e9m recomendou que as freiras que porventura engravidassem devido \u00e0 viol\u00eancia sexual, tivessem seus filhos, abandonassem o convento e assumissem sua maternidade. Ou seja, nada de aborto!<\/p>\n<p>\u00c9 claro que ser estuprada em guerra \u00e9 completamente diferente de evitar o v\u00edrus Zika. Por isso, vale a orienta\u00e7\u00e3o final do Papa Francisco:<\/p>\n<p> Ainda, eu exortaria os m\u00e9dicos para que fa\u00e7am tudo para encontrar as vacinas contra estes dois mosquitos que trazem este mal: sobre isto se deve trabalhar.<\/p>\n<p>Resumindo: aborto \u00e9 crime, usar contraceptivos \u00e9 pecado que pode ser tolerado em casos muito extremos e o Zika n\u00e3o \u00e9 um deles \u2013 que se procure uma vacina.<\/p>\n<p>Ponto final. O resto \u00e9 tentativa de manipula\u00e7\u00e3o ideol\u00f3gica das palavras do Papa!<\/p>\n<p>E fique ligado\u2026 vem mais treta por a\u00ed. Ent\u00e3o, leia a \u00edntegra da entrevista clicando aqui.<\/p>\n<p style=\"text-align: justify;\">Fonte: Zenit<\/p>\n","protected":false},"excerpt":{"rendered":"<p>Resumindo: aborto \u00e9 crime, usar contraceptivos \u00e9 pecado que pode ser tolerado em casos muito extremos e o Zika n\u00e3o \u00e9 um deles \u2013 que se procure uma vacina.19 fevereiro 2016Alexandre VarelaAn\u00e1liseImagem, O Catequista\u00a0\u00a0\u00a0 O CatequistaCom a sua linguagem jovial caracter\u00edstica o blog O Catequista publicou ontem um post relacionado \u00e0 grande distor\u00e7\u00e3o que a [&hellip;]<\/p>\n","protected":false},"author":1,"featured_media":0,"comment_status":"open","ping_status":"open","sticky":false,"template":"","format":"standard","meta":{"footnotes":""},"categories":[4],"tags":[],"class_list":["post-13482","post","type-post","status-publish","format-standard","hentry","category-cotidiano"],"_links":{"self":[{"href":"https:\/\/catolicanet.net\/wp-cnet\/wp-json\/wp\/v2\/posts\/13482","targetHints":{"allow":["GET"]}}],"collection":[{"href":"https:\/\/catolicanet.net\/wp-cnet\/wp-json\/wp\/v2\/posts"}],"about":[{"href":"https:\/\/catolicanet.net\/wp-cnet\/wp-json\/wp\/v2\/types\/post"}],"author":[{"embeddable":true,"href":"https:\/\/catolicanet.net\/wp-cnet\/wp-json\/wp\/v2\/users\/1"}],"replies":[{"embeddable":true,"href":"https:\/\/catolicanet.net\/wp-cnet\/wp-json\/wp\/v2\/comments?post=13482"}],"version-history":[{"count":1,"href":"https:\/\/catolicanet.net\/wp-cnet\/wp-json\/wp\/v2\/posts\/13482\/revisions"}],"predecessor-version":[{"id":26418,"href":"https:\/\/catolicanet.net\/wp-cnet\/wp-json\/wp\/v2\/posts\/13482\/revisions\/26418"}],"wp:attachment":[{"href":"https:\/\/catolicanet.net\/wp-cnet\/wp-json\/wp\/v2\/media?parent=13482"}],"wp:term":[{"taxonomy":"category","embeddable":true,"href":"https:\/\/catolicanet.net\/wp-cnet\/wp-json\/wp\/v2\/categories?post=13482"},{"taxonomy":"post_tag","embeddable":true,"href":"https:\/\/catolicanet.net\/wp-cnet\/wp-json\/wp\/v2\/tags?post=13482"}],"curies":[{"name":"wp","href":"https:\/\/api.w.org\/{rel}","templated":true}]}}