{"id":13477,"date":"2016-02-19T13:13:03","date_gmt":"2016-02-19T15:13:03","guid":{"rendered":"http:\/\/catolicanet.net\/wp-cnet\/2016\/02\/19\/apos-aborto-espontaneo-mae-se-surpreende-ao-ver-um-bebezinho-perfeitamente-formado\/"},"modified":"2017-05-31T11:49:50","modified_gmt":"2017-05-31T14:49:50","slug":"apos-aborto-espontaneo-mae-se-surpreende-ao-ver-um-bebezinho-perfeitamente-formado","status":"publish","type":"post","link":"https:\/\/catolicanet.net\/wp-cnet\/apos-aborto-espontaneo-mae-se-surpreende-ao-ver-um-bebezinho-perfeitamente-formado\/","title":{"rendered":"Ap\u00f3s aborto espont\u00e2neo, m\u00e3e se surpreende ao ver um \u201cbebezinho perfeitamente formado \u201c"},"content":{"rendered":"<p style=\"text-align: justify;\"><img decoding=\"async\" src=\"http:\/\/catolicanet.com.br\/images\/stories\/geral\/00aborto.jpg\" border=\"0\" align=\"left\" \/>Ela estava completamente despreparada para o susto que levaria ap\u00f3s o aborto espont\u00e2neo do seu 5\u00ba beb\u00ea, na 13\u00aa semana de gravidez, quando o m\u00e9dico lhe perguntou se ela gostaria de ver e segurar o corpo do filho<\/p>\n<p>\u201cComo a gravidez estava em um est\u00e1gio inicial, eu esperava que me dessem uma bolha. Mas em lugar disso eu recebi um bebezinho perfeitamente formado\u201d, disse ela ao LifeSiteNews (NotiFam) em uma entrevista exclusiva.<\/p>\n<p>\u201cE ele surpreendeu a todos n\u00f3s. As enfermeiras apenas repetiam: \u2018Ele \u00e9 t\u00e3o perfeito, t\u00e3o perfeito,\u2019\u201d disse ela.<\/p>\n<p>Jessica e seu marido, Ray, souberam da nova gravidez em abril do ano passado. Come\u00e7aram, com muito \u00e2nimo, a fazer planos para acomodar o novo membro da fam\u00edlia. Teriam de comprar aquela van grande cuja compra vinham adiando o quanto podiam.<\/p>\n<p>Mas no meio de julho Jessica come\u00e7ou a sangrar. Ela tinha esperan\u00e7a de que esse n\u00e3o seria seu segundo aborto espont\u00e2neo.<\/p>\n<p>\u201cAcordei sentindo uma dor insuport\u00e1vel. Havia uma po\u00e7a de sangue em torno de mim na cama. Eu sabia que aquilo provavelmente n\u00e3o era um bom sinal\u201d, disse ela.<\/p>\n<p>J\u00e1 que seu marido estava passando a noite perto do local onde trabalha, a cerca de uma hora de sua casa, a m\u00e3e dela a levou ao hospital. O filho mais velho do casal ficou na casa de um amigo, enquanto os dois mais novos acompanharam a m\u00e3e e a av\u00f3 at\u00e9 o hospital.<\/p>\n<p>Quando chegaram, o m\u00e9dico confirmou aquilo que Jessica mais temia.<\/p>\n<p>\u201cLevaram-me at\u00e9 uma sala de ultrassom onde verificaram como estava o beb\u00ea. Eu apenas vi aquela tela negra e soube o que aquilo devia significar. Naquele momento, tive a impress\u00e3o de que provavelmente meu filho j\u00e1 havia sido expelido junto com o sangue. Apenas pensei que n\u00e3o havia prestado aten\u00e7\u00e3o nele, que ele havia sido despejado no banheiro ou algo do tipo. Pensar naquilo devastou meu cora\u00e7\u00e3o\u201d, ela disse.<\/p>\n<p>Quando o m\u00e9dico disse a Jessica que eles precisavam retirar o beb\u00ea, inicialmente ela n\u00e3o entendeu o que aquilo significava.<\/p>\n<p>\u201cO m\u00e9dico disse que o beb\u00ea n\u00e3o havia sido expelido, pois estava parado no meio do caminho\u201d.<\/p>\n<p>O m\u00e9dico ajudou Jessica a expelir o beb\u00ea na pr\u00f3pria sala de ultrassom.<\/p>\n<p>\u201cO m\u00e9dico disse: \u2018\u00c9 um menino\u2019, e eu disse: \u2018Voc\u00ea consegue identificar?\u2019\u201d<\/p>\n<p>\u201cQuando me perguntaram se eu queria abra\u00e7\u00e1-lo, eu disse: \u2018\u00c9 claro que sim\u2019\u201d.<br \/>NoahSmith_505_701_55<\/p>\n<p>Noah Smith, v\u00edtima de um aborto espont\u00e2neo na 13\u00aa semana de gravidez.<\/p>\n<p>Jessica disse que mesmo em meio \u00e0 tristeza seu pequeno beb\u00ea era simplesmente uma maravilha a ser contemplada. Seus dedos dos p\u00e9s e das m\u00e3os estavam perfeitamente formados. Ele tinha orelhas, nariz e boca completamente identific\u00e1veis. Naquela etapa, seu f\u00edgado e seus rins estavam funcionando plenamente. Os sistemas do corpo dele estavam completamente formados, e s\u00f3 precisavam de tempo no ambiente seguro do \u00fatero da m\u00e3e para se desenvolver at\u00e9 atingir a autossufici\u00eancia.<\/p>\n<p>\u201cEu n\u00e3o esperava ver um beb\u00ea como aquele. Sempre sigo minhas gravidezes com aqueles aplicativos sobre beb\u00eas, mas mesmo eles n\u00e3o fazem justi\u00e7a a quanto meu filho parecia perfeitamente humano. Sempre fui pr\u00f3-vida, mas at\u00e9 eu me enganei em rela\u00e7\u00e3o \u00e0 apar\u00eancia de um beb\u00ea de 13 semanas\u201d, disse ela.<\/p>\n<p>Os amigos que mais tarde viram fotos do beb\u00ea inclusive disseram: \u201cMeu Deus, ele se parece exatamente com um filho dos Smith\u201d, relatou Jessica.<br \/>TrayvenSmithdrawing_505_852_55<\/p>\n<p>Trayven Smith, de 4 anos de idade, nunca viu seu irm\u00e3o Noah. Em lugar disso, ele fez este desenho chamado \u2018Olho para Noah\u2019. Ele disse \u00e0 sua m\u00e3e: \u201cEste sou eu, olhando para o c\u00e9u (azul), enquanto meu irm\u00e3o Noah (vermelho) vem de l\u00e1 me visitar\u201d.<\/p>\n<p>Naquele momento, Ray ficou ao lado de Jessica. Eles chamaram o beb\u00ea de Noah Israel, que signifca \u201cdescanse, ajudante de Deus\u201d.<\/p>\n<p>Em seguida, os dois filhos mais novos foram convidados para entrar na sala e dizer \u201col\u00e1\u201d e \u201cadeus\u201d ao pequeno irm\u00e3o.<\/p>\n<p>\u201cQuando minha filha Maycee, de dois anos, viu o beb\u00ea\u00a0 Noah deitado, ela n\u00e3o disse: \u2018Veja, mam\u00e3e, tem uma bolha de tecido\u2019. N\u00e3o, ela disse: \u2018Veja, mam\u00e3e, um beb\u00ea\u2019\u201d, disse J\u00e9ssica.<\/p>\n<p>\u201cE eu disse: \u2018eu sei, meu bem, eu sei\u201d\u201d.<\/p>\n<p>Toda a fam\u00edlia sofreu com a morte de Noah. Se ele tivesse passado pela gravidez com seguran\u00e7a, teria nascido h\u00e1 uma semana, no dia 13 de janeiro. Apesar de sua breve vida, Jessica acredita que a vida de Noah n\u00e3o foi em v\u00e3o, mas tem um sentido e um prop\u00f3sito.<\/p>\n<p>\u201cQuando voc\u00ea olha para Noah e v\u00ea qu\u00e3o perfeitamente humano ele era, como algu\u00e9m pode chamar o aborto de uma boa decis\u00e3o? \u00c9 hora de tirar o v\u00e9u e abrir as cortinas, para que as pessoas possam ver a humanidade\u00a0 de um jovem beb\u00ea no \u00fatero e como o aborto destr\u00f3i uma verdadeira vida humana\u201d.<\/p>\n<p>\u201cNoah me mostrou qu\u00e3o \u2018humanos\u2019 esses pequeninos verdadeiramente s\u00e3o\u201d, disse ela.<\/p>\n<p style=\"text-align: justify;\">Fonte: Aleteia<\/p>\n","protected":false},"excerpt":{"rendered":"<p>Ela estava completamente despreparada para o susto que levaria ap\u00f3s o aborto espont\u00e2neo do seu 5\u00ba beb\u00ea, na 13\u00aa semana de gravidez, quando o m\u00e9dico lhe perguntou se ela gostaria de ver e segurar o corpo do filho \u201cComo a gravidez estava em um est\u00e1gio inicial, eu esperava que me dessem uma bolha. Mas em [&hellip;]<\/p>\n","protected":false},"author":1,"featured_media":0,"comment_status":"open","ping_status":"open","sticky":false,"template":"","format":"standard","meta":{"footnotes":""},"categories":[4],"tags":[],"class_list":["post-13477","post","type-post","status-publish","format-standard","hentry","category-cotidiano"],"_links":{"self":[{"href":"https:\/\/catolicanet.net\/wp-cnet\/wp-json\/wp\/v2\/posts\/13477","targetHints":{"allow":["GET"]}}],"collection":[{"href":"https:\/\/catolicanet.net\/wp-cnet\/wp-json\/wp\/v2\/posts"}],"about":[{"href":"https:\/\/catolicanet.net\/wp-cnet\/wp-json\/wp\/v2\/types\/post"}],"author":[{"embeddable":true,"href":"https:\/\/catolicanet.net\/wp-cnet\/wp-json\/wp\/v2\/users\/1"}],"replies":[{"embeddable":true,"href":"https:\/\/catolicanet.net\/wp-cnet\/wp-json\/wp\/v2\/comments?post=13477"}],"version-history":[{"count":1,"href":"https:\/\/catolicanet.net\/wp-cnet\/wp-json\/wp\/v2\/posts\/13477\/revisions"}],"predecessor-version":[{"id":26421,"href":"https:\/\/catolicanet.net\/wp-cnet\/wp-json\/wp\/v2\/posts\/13477\/revisions\/26421"}],"wp:attachment":[{"href":"https:\/\/catolicanet.net\/wp-cnet\/wp-json\/wp\/v2\/media?parent=13477"}],"wp:term":[{"taxonomy":"category","embeddable":true,"href":"https:\/\/catolicanet.net\/wp-cnet\/wp-json\/wp\/v2\/categories?post=13477"},{"taxonomy":"post_tag","embeddable":true,"href":"https:\/\/catolicanet.net\/wp-cnet\/wp-json\/wp\/v2\/tags?post=13477"}],"curies":[{"name":"wp","href":"https:\/\/api.w.org\/{rel}","templated":true}]}}