{"id":13467,"date":"2016-02-19T11:52:49","date_gmt":"2016-02-19T13:52:49","guid":{"rendered":"http:\/\/catolicanet.net\/wp-cnet\/2016\/02\/19\/presidente-do-regional-ne-5-denuncia-situacao-de-indigenas\/"},"modified":"2017-05-26T16:16:50","modified_gmt":"2017-05-26T19:16:50","slug":"presidente-do-regional-ne-5-denuncia-situacao-de-indigenas","status":"publish","type":"post","link":"https:\/\/catolicanet.net\/wp-cnet\/presidente-do-regional-ne-5-denuncia-situacao-de-indigenas\/","title":{"rendered":"Presidente do regional NE 5 denuncia situa\u00e7\u00e3o de ind\u00edgenas"},"content":{"rendered":"<p style=\"text-align: justify;\"><img decoding=\"async\" src=\"http:\/\/catolicanet.com.br\/images\/stories\/geral\/povogamela_cpt.jpg\" border=\"0\" align=\"left\" \/>Dom Jos\u00e9 Belis\u00e1rio da Silva solicita a entidades governamentais a\u00e7\u00f5es em defesa do povo Gamela<\/p>\n<p>O arcebispo de S\u00e3o Lu\u00eds (MA) e presidente do regional Nordeste 5 da Confer\u00eancia Nacional dos Bispos do Brasil (CNBB), dom Jos\u00e9 Belis\u00e1rio da Silva, emitiu uma nota a respeito do povo ind\u00edgena Gamela, no munic\u00edpio de Viana (MA). Segundo o texto, a popula\u00e7\u00e3o enfrenta, h\u00e1 d\u00e9cadas, uma situa\u00e7\u00e3o de \u201cluta contra a invas\u00e3o de seu territ\u00f3rio e, por isso, tem sofrido constantes amea\u00e7as, inclusive de mortes\u201d. <\/p>\n<p>Diante da not\u00edcia da exist\u00eancia de uma lista de nomes de lideran\u00e7as do povo a serem assassinadas, dom Belis\u00e1rio fez algumas solicita\u00e7\u00f5es. Saiba quais s\u00e3o na \u00edntegra da nota:<\/p>\n<p>Eu ouvi o clamor do meu povo (cf. Ex 3, 9) <\/p>\n<p>(Nota do Presidente do Regional Nordeste 5 da CNBB)<\/p>\n<p>Como Presidente do Regional Nordeste 5 da Confer\u00eancia Nacional dos Bispos do Brasil-CNBB, neste tempo especial de viv\u00eancia da miseric\u00f3rdia divina, dirijo-me \u00e0 sociedade brasileira e aos governos federal e estadual. <\/p>\n<p>Em 27 de janeiro de 2016, por ocasi\u00e3o de nossa Assembleia Anual, todos n\u00f3s, bispos cat\u00f3licos do Maranh\u00e3o, tivemos oportunidade de visitar o povo ind\u00edgena Gamela, no munic\u00edpio de Viana-MA. Na ocasi\u00e3o, pudemos nos inteirar da situa\u00e7\u00e3o desse povo que, h\u00e1 d\u00e9cadas, luta contra a invas\u00e3o de seu territ\u00f3rio e, por isso, tem sofrido constantes amea\u00e7as, inclusive de mortes. Nos \u00faltimos dias, h\u00e1 not\u00edcias da exist\u00eancia de uma lista com nomes de lideran\u00e7as do povo a serem assassinadas.<\/p>\n<p>Diante da gravidade da situa\u00e7\u00e3o solicito: <\/p>\n<p>1. \u00c0 Funda\u00e7\u00e3o Nacional do \u00cdndio (FUNAI) a constitui\u00e7\u00e3o do Grupo de Trabalho para Identifica\u00e7\u00e3o e demarca\u00e7\u00e3o da terra ind\u00edgena Gamela. <\/p>\n<p>2. Aos \u00f3rg\u00e3os de defesa e prote\u00e7\u00e3o dos Direitos Humanos que intervenham para garantir a integridade f\u00edsica do povo ind\u00edgena Gamela. <\/p>\n<p>3. Aos \u00f3rg\u00e3os de Seguran\u00e7a P\u00fablica que investiguem as amea\u00e7as e a possibilidade de exist\u00eancia de pistoleiros na regi\u00e3o. <\/p>\n<p>O papa Francisco, em sua visita ao M\u00e9xico, dirigindo-se aos povos ind\u00edgenas, afirmou: &#8220;O desafio ambiental que vivemos e as suas ra\u00edzes humanas t\u00eam a ver com todos n\u00f3s e nos interpelam. (&#8230;) Nisso, voc\u00eas t\u00eam muito a nos ensinar. (&#8230;) Os vossos povos, como j\u00e1 reconheceram os bispos da Am\u00e9rica Latina, sabem relacionar-se harmoniosamente com a natureza&#8221;. E, citando o Livro Sagrado do Povo Maia, disse: &#8220;Um desejo de viver em liberdade tem sabor de terra prometida\u201d.<\/p>\n<p>Dom Jos\u00e9 Belis\u00e1rio da Silva <br \/>&#8211; Presidente do Regional Nordeste 5 da CNBB &#8211;<\/p>\n<p>Fonte: CNBB<\/p>\n","protected":false},"excerpt":{"rendered":"<p>Dom Jos\u00e9 Belis\u00e1rio da Silva solicita a entidades governamentais a\u00e7\u00f5es em defesa do povo Gamela O arcebispo de S\u00e3o Lu\u00eds (MA) e presidente do regional Nordeste 5 da Confer\u00eancia Nacional dos Bispos do Brasil (CNBB), dom Jos\u00e9 Belis\u00e1rio da Silva, emitiu uma nota a respeito do povo ind\u00edgena Gamela, no munic\u00edpio de Viana (MA). Segundo [&hellip;]<\/p>\n","protected":false},"author":1,"featured_media":0,"comment_status":"open","ping_status":"open","sticky":false,"template":"","format":"standard","meta":{"footnotes":""},"categories":[7],"tags":[],"class_list":["post-13467","post","type-post","status-publish","format-standard","hentry","category-cnbb"],"_links":{"self":[{"href":"https:\/\/catolicanet.net\/wp-cnet\/wp-json\/wp\/v2\/posts\/13467","targetHints":{"allow":["GET"]}}],"collection":[{"href":"https:\/\/catolicanet.net\/wp-cnet\/wp-json\/wp\/v2\/posts"}],"about":[{"href":"https:\/\/catolicanet.net\/wp-cnet\/wp-json\/wp\/v2\/types\/post"}],"author":[{"embeddable":true,"href":"https:\/\/catolicanet.net\/wp-cnet\/wp-json\/wp\/v2\/users\/1"}],"replies":[{"embeddable":true,"href":"https:\/\/catolicanet.net\/wp-cnet\/wp-json\/wp\/v2\/comments?post=13467"}],"version-history":[{"count":1,"href":"https:\/\/catolicanet.net\/wp-cnet\/wp-json\/wp\/v2\/posts\/13467\/revisions"}],"predecessor-version":[{"id":23867,"href":"https:\/\/catolicanet.net\/wp-cnet\/wp-json\/wp\/v2\/posts\/13467\/revisions\/23867"}],"wp:attachment":[{"href":"https:\/\/catolicanet.net\/wp-cnet\/wp-json\/wp\/v2\/media?parent=13467"}],"wp:term":[{"taxonomy":"category","embeddable":true,"href":"https:\/\/catolicanet.net\/wp-cnet\/wp-json\/wp\/v2\/categories?post=13467"},{"taxonomy":"post_tag","embeddable":true,"href":"https:\/\/catolicanet.net\/wp-cnet\/wp-json\/wp\/v2\/tags?post=13467"}],"curies":[{"name":"wp","href":"https:\/\/api.w.org\/{rel}","templated":true}]}}