{"id":13436,"date":"2016-02-17T18:16:11","date_gmt":"2016-02-17T20:16:11","guid":{"rendered":"http:\/\/catolicanet.net\/wp-cnet\/2016\/02\/17\/asiachina-ser-o-rosto-do-senhor-misericordioso-na-comunidade-e-na-sociedade\/"},"modified":"2017-05-31T11:56:55","modified_gmt":"2017-05-31T14:56:55","slug":"asiachina-ser-o-rosto-do-senhor-misericordioso-na-comunidade-e-na-sociedade","status":"publish","type":"post","link":"https:\/\/catolicanet.net\/wp-cnet\/asiachina-ser-o-rosto-do-senhor-misericordioso-na-comunidade-e-na-sociedade\/","title":{"rendered":"\u00c1SIA\/CHINA &#8211; Ser o rosto do Senhor misericordioso na comunidade e na sociedade"},"content":{"rendered":"<p style=\"text-align: justify;\">Pequim (Ag\u00eancia Fides) &#8211; A comunidade cat\u00f3lica da China viveu o in\u00edcio da Quaresma em comunh\u00e3o com a Igreja universal e em sintonia particular com o Jubileu da Miseric\u00f3rdia, como testemunhado pelas numerosas informa\u00e7\u00f5es obtidas pela Ag\u00eancia Fides.<br \/>Particularmente comovente o rito das cinzas na Par\u00f3quia de Chang Shu, da Diocese de Su Zhou, onde um sacerdote idoso, de 98 anos, imp\u00f4s as cinzas a centenas de fieis. Durante a homilia, o p\u00e1roco encorajou os presentes a empreenderem o caminho da Quaresma: \u201cjejum, ora\u00e7\u00e3o, obras de miseric\u00f3rdia e alegria da f\u00e9 s\u00e3o os elementos fundamentais para viver a Quaresma. Assim, podemos nos renovar e nos converter a Deus Pai que nos acolhe sempre\u201d.<br \/>Para responder \u00e0s exig\u00eancias dos fieis trabalhadores, a Par\u00f3quia de Santo Ant\u00f4nio da cidade de Shen Zhen celebrou a imposi\u00e7\u00e3o das cinzas no domingo, 14 de fevereiro, antes da Quaresma. O p\u00e1roco manifestou o desejo de que \u201ca miseric\u00f3rdia do Senhor chegue ao maior n\u00famero poss\u00edvel de fieis\u201d.<br \/>A catedral da Diocese de Wen Zhou iniciou o caminho quaresmal com um rito espiritual. Mais de 400 fieis, que est\u00e3o de f\u00e9rias para festejar o Ano Novo Chin\u00eas, participaram do rito nos dias 10 e 11 de fevereiro, durante o qual refletiram sobre a Misericordiae Vultus, Bula de convoca\u00e7\u00e3o do Jubileu Extraordin\u00e1rio da Miseric\u00f3rdia, e a carta pastoral do bispo diocesano a fim de \u201cviver a Quaresma do Ano da Miseric\u00f3rdia, para ser o rosto do Senhor misericordioso na comunidade e na sociedade\u201d.<br \/>De 25 a 29 de janeiro, os sacerdotes da comunidade de Jiang Xi se encontraram para um retiro espiritual em vista da Quaresma. O tema central foi \u201cRenovados no Senhor para responder ao chamado de miseric\u00f3rdia do Senhor concretamente\u201d.<\/p>\n<p style=\"text-align: justify;\">Fonte: Ag\u00eancia Fides<\/p>\n","protected":false},"excerpt":{"rendered":"<p>Pequim (Ag\u00eancia Fides) &#8211; A comunidade cat\u00f3lica da China viveu o in\u00edcio da Quaresma em comunh\u00e3o com a Igreja universal e em sintonia particular com o Jubileu da Miseric\u00f3rdia, como testemunhado pelas numerosas informa\u00e7\u00f5es obtidas pela Ag\u00eancia Fides.Particularmente comovente o rito das cinzas na Par\u00f3quia de Chang Shu, da Diocese de Su Zhou, onde um [&hellip;]<\/p>\n","protected":false},"author":1,"featured_media":0,"comment_status":"open","ping_status":"open","sticky":false,"template":"","format":"standard","meta":{"footnotes":""},"categories":[4],"tags":[],"class_list":["post-13436","post","type-post","status-publish","format-standard","hentry","category-cotidiano"],"_links":{"self":[{"href":"https:\/\/catolicanet.net\/wp-cnet\/wp-json\/wp\/v2\/posts\/13436","targetHints":{"allow":["GET"]}}],"collection":[{"href":"https:\/\/catolicanet.net\/wp-cnet\/wp-json\/wp\/v2\/posts"}],"about":[{"href":"https:\/\/catolicanet.net\/wp-cnet\/wp-json\/wp\/v2\/types\/post"}],"author":[{"embeddable":true,"href":"https:\/\/catolicanet.net\/wp-cnet\/wp-json\/wp\/v2\/users\/1"}],"replies":[{"embeddable":true,"href":"https:\/\/catolicanet.net\/wp-cnet\/wp-json\/wp\/v2\/comments?post=13436"}],"version-history":[{"count":1,"href":"https:\/\/catolicanet.net\/wp-cnet\/wp-json\/wp\/v2\/posts\/13436\/revisions"}],"predecessor-version":[{"id":26442,"href":"https:\/\/catolicanet.net\/wp-cnet\/wp-json\/wp\/v2\/posts\/13436\/revisions\/26442"}],"wp:attachment":[{"href":"https:\/\/catolicanet.net\/wp-cnet\/wp-json\/wp\/v2\/media?parent=13436"}],"wp:term":[{"taxonomy":"category","embeddable":true,"href":"https:\/\/catolicanet.net\/wp-cnet\/wp-json\/wp\/v2\/categories?post=13436"},{"taxonomy":"post_tag","embeddable":true,"href":"https:\/\/catolicanet.net\/wp-cnet\/wp-json\/wp\/v2\/tags?post=13436"}],"curies":[{"name":"wp","href":"https:\/\/api.w.org\/{rel}","templated":true}]}}