{"id":13423,"date":"2016-02-17T11:47:55","date_gmt":"2016-02-17T13:47:55","guid":{"rendered":"http:\/\/catolicanet.net\/wp-cnet\/2016\/02\/17\/regional-nordeste-3-realiza-ii-modulo-da-escola-biblico-catequetica-dom-jairo-rui-de-matos\/"},"modified":"2017-05-31T11:56:58","modified_gmt":"2017-05-31T14:56:58","slug":"regional-nordeste-3-realiza-ii-modulo-da-escola-biblico-catequetica-dom-jairo-rui-de-matos","status":"publish","type":"post","link":"https:\/\/catolicanet.net\/wp-cnet\/regional-nordeste-3-realiza-ii-modulo-da-escola-biblico-catequetica-dom-jairo-rui-de-matos\/","title":{"rendered":"Regional Nordeste 3 realiza II M\u00f3dulo da Escola B\u00edblico-Catequ\u00e9tica Dom Jairo Rui de Matos"},"content":{"rendered":"<p style=\"text-align: justify;\"><img decoding=\"async\" src=\"http:\/\/catolicanet.com.br\/images\/stories\/geral\/bahia_interna.jpg\" border=\"0\" align=\"left\" \/>Encontro aconteceu durante os dias 17 e 23 de janeiro<\/p>\n<p>Cerca de 57 catequistas de diversas dioceses do regional Nordeste 3 da Confer\u00eancia Nacional dos Bispos do Brasil (CNBB) participaram do II M\u00f3dulo da Escola B\u00edblico-Catequ\u00e9tica Dom Jairo Rui Matos, durante os dias 17 e 23 de janeiro, em Feira de Santana (BA). Padres, religiosos, seminaristas e leigos engajados tamb\u00e9m marcaram presen\u00e7a.<\/p>\n<p>Com reflex\u00f5es do assessor nacional da Comiss\u00e3o Episcopal Pastoral para a A\u00e7\u00e3o B\u00edblico-Catequ\u00e9tica, Ant\u00f4nio Marcos Depizzoli, do padre Marcos Alc\u00e2ntara, da diocese de Barra (BA), e do padre Anderlan Fernandes, da arquidiocese de Aracaju, o encontro teve como eixo principal a convers\u00e3o. <\/p>\n<p>Disciplinas como \u201cB\u00edblia \u2013 Livros hist\u00f3ricos, sapienciais e prof\u00e9ticos\u201d; \u201cHist\u00f3ria da Catequese\u201d; \u201cCatequese Evangelizadora e Inicia\u00e7\u00e3o \u00e0 Vida Crist\u00e3, al\u00e9m de Espiritualidade\u201d foram ministradas durante o curso, levando-se em considera\u00e7\u00e3o a estrutura-base da escola, que \u00e9 inspirada no caminho da catequese e tem como proposta a evangeliza\u00e7\u00e3o.<\/p>\n<p>Segundo os organizadores, no encontro, os participantes tiveram a oportunidade de remodelarem-se espiritualmente, especialmente nas missas celebradas todos os dias.<\/p>\n<p>Fonte: CNBB<\/p>\n","protected":false},"excerpt":{"rendered":"<p>Encontro aconteceu durante os dias 17 e 23 de janeiro Cerca de 57 catequistas de diversas dioceses do regional Nordeste 3 da Confer\u00eancia Nacional dos Bispos do Brasil (CNBB) participaram do II M\u00f3dulo da Escola B\u00edblico-Catequ\u00e9tica Dom Jairo Rui Matos, durante os dias 17 e 23 de janeiro, em Feira de Santana (BA). Padres, religiosos, [&hellip;]<\/p>\n","protected":false},"author":1,"featured_media":0,"comment_status":"open","ping_status":"open","sticky":false,"template":"","format":"standard","meta":{"footnotes":""},"categories":[4],"tags":[],"class_list":["post-13423","post","type-post","status-publish","format-standard","hentry","category-cotidiano"],"_links":{"self":[{"href":"https:\/\/catolicanet.net\/wp-cnet\/wp-json\/wp\/v2\/posts\/13423","targetHints":{"allow":["GET"]}}],"collection":[{"href":"https:\/\/catolicanet.net\/wp-cnet\/wp-json\/wp\/v2\/posts"}],"about":[{"href":"https:\/\/catolicanet.net\/wp-cnet\/wp-json\/wp\/v2\/types\/post"}],"author":[{"embeddable":true,"href":"https:\/\/catolicanet.net\/wp-cnet\/wp-json\/wp\/v2\/users\/1"}],"replies":[{"embeddable":true,"href":"https:\/\/catolicanet.net\/wp-cnet\/wp-json\/wp\/v2\/comments?post=13423"}],"version-history":[{"count":1,"href":"https:\/\/catolicanet.net\/wp-cnet\/wp-json\/wp\/v2\/posts\/13423\/revisions"}],"predecessor-version":[{"id":26449,"href":"https:\/\/catolicanet.net\/wp-cnet\/wp-json\/wp\/v2\/posts\/13423\/revisions\/26449"}],"wp:attachment":[{"href":"https:\/\/catolicanet.net\/wp-cnet\/wp-json\/wp\/v2\/media?parent=13423"}],"wp:term":[{"taxonomy":"category","embeddable":true,"href":"https:\/\/catolicanet.net\/wp-cnet\/wp-json\/wp\/v2\/categories?post=13423"},{"taxonomy":"post_tag","embeddable":true,"href":"https:\/\/catolicanet.net\/wp-cnet\/wp-json\/wp\/v2\/tags?post=13423"}],"curies":[{"name":"wp","href":"https:\/\/api.w.org\/{rel}","templated":true}]}}