{"id":13417,"date":"2016-02-16T15:38:46","date_gmt":"2016-02-16T17:38:46","guid":{"rendered":"http:\/\/catolicanet.net\/wp-cnet\/2016\/02\/16\/museu-do-santuario-apresenta-exposicao-fragmentos-da-matriz-basilica\/"},"modified":"2017-05-31T11:57:00","modified_gmt":"2017-05-31T14:57:00","slug":"museu-do-santuario-apresenta-exposicao-fragmentos-da-matriz-basilica","status":"publish","type":"post","link":"https:\/\/catolicanet.net\/wp-cnet\/museu-do-santuario-apresenta-exposicao-fragmentos-da-matriz-basilica\/","title":{"rendered":"Museu do Santu\u00e1rio apresenta exposi\u00e7\u00e3o \u2018Fragmentos da Matriz Bas\u00edlica\u2019"},"content":{"rendered":"<p style=\"text-align: justify;\"><img decoding=\"async\" src=\"http:\/\/catolicanet.com.br\/images\/stories\/1_img_9008.jpg\" border=\"0\" align=\"left\" \/>O Museu Nossa Senhora Aparecida, do Santu\u00e1rio Nacional, realiza a exposi\u00e7\u00e3o intitulada &#8220;Fragmentos da Matriz Bas\u00edlica&#8221;.<\/p>\n<p>Foto de: A12<br \/>exposi\u00e7\u00e3o \u2018Fragmentos da Matriz Bas\u00edlica\u2019 &#8211; Museu Nossa Senhora Aparecida<\/p>\n<p>A mostra est\u00e1 exposta no Hall da Torre Bras\u00edlia, trazendo aos seus visitantes pe\u00e7as que compunham a Matriz Bas\u00edlica no final do s\u00e9culo 19. S\u00e3o objetos de madeira entalhada em estilo barroco como candelabros, \u00e2nforas, tocheiros, casti\u00e7ais, arandelas e azulejos variados.<\/p>\n<p>O curador do Museu, C\u00e9sar Maia explicou que os objetos faziam parte da igreja em uma \u00e9poca em que n\u00e3o se tinha luz el\u00e9trica e tudo era iluminado com velas.<\/p>\n<p>\u201cAs pe\u00e7as s\u00e3o entalhadas em madeira em estilo barroco. Os entalhes s\u00e3o cheio de volumes e detalhes\u201d, acrescentou o curador.<\/p>\n<p>As pe\u00e7as fazem parte da Reserva T\u00e9cnica do Museu do Santu\u00e1rio e permanecem em exposi\u00e7\u00e3o gratuita at\u00e9 o final deste m\u00eas.<\/p>\n<p>Museu Nossa Senhora Aparecida \u2013 Foi inaugurado em 8 de setembro de 1956, o Museu Nossa Senhora Aparecida recebe visitas todos os dias da semana.<\/p>\n<p>Institui\u00e7\u00f5es de ensino e romarias podem agendar visitas guiadas ao Museu Nossa Senhora Aparecida e ao Mirante da Torre da Bas\u00edlica. Saiba mais em A12.com\/museu<\/p>\n<p style=\"text-align: justify;\">Fonte: Santu\u00e1rio Nacional Aparecida<\/p>\n","protected":false},"excerpt":{"rendered":"<p>O Museu Nossa Senhora Aparecida, do Santu\u00e1rio Nacional, realiza a exposi\u00e7\u00e3o intitulada &#8220;Fragmentos da Matriz Bas\u00edlica&#8221;. Foto de: A12exposi\u00e7\u00e3o \u2018Fragmentos da Matriz Bas\u00edlica\u2019 &#8211; Museu Nossa Senhora Aparecida A mostra est\u00e1 exposta no Hall da Torre Bras\u00edlia, trazendo aos seus visitantes pe\u00e7as que compunham a Matriz Bas\u00edlica no final do s\u00e9culo 19. S\u00e3o objetos de [&hellip;]<\/p>\n","protected":false},"author":1,"featured_media":0,"comment_status":"open","ping_status":"open","sticky":false,"template":"","format":"standard","meta":{"footnotes":""},"categories":[4],"tags":[],"class_list":["post-13417","post","type-post","status-publish","format-standard","hentry","category-cotidiano"],"_links":{"self":[{"href":"https:\/\/catolicanet.net\/wp-cnet\/wp-json\/wp\/v2\/posts\/13417","targetHints":{"allow":["GET"]}}],"collection":[{"href":"https:\/\/catolicanet.net\/wp-cnet\/wp-json\/wp\/v2\/posts"}],"about":[{"href":"https:\/\/catolicanet.net\/wp-cnet\/wp-json\/wp\/v2\/types\/post"}],"author":[{"embeddable":true,"href":"https:\/\/catolicanet.net\/wp-cnet\/wp-json\/wp\/v2\/users\/1"}],"replies":[{"embeddable":true,"href":"https:\/\/catolicanet.net\/wp-cnet\/wp-json\/wp\/v2\/comments?post=13417"}],"version-history":[{"count":1,"href":"https:\/\/catolicanet.net\/wp-cnet\/wp-json\/wp\/v2\/posts\/13417\/revisions"}],"predecessor-version":[{"id":26453,"href":"https:\/\/catolicanet.net\/wp-cnet\/wp-json\/wp\/v2\/posts\/13417\/revisions\/26453"}],"wp:attachment":[{"href":"https:\/\/catolicanet.net\/wp-cnet\/wp-json\/wp\/v2\/media?parent=13417"}],"wp:term":[{"taxonomy":"category","embeddable":true,"href":"https:\/\/catolicanet.net\/wp-cnet\/wp-json\/wp\/v2\/categories?post=13417"},{"taxonomy":"post_tag","embeddable":true,"href":"https:\/\/catolicanet.net\/wp-cnet\/wp-json\/wp\/v2\/tags?post=13417"}],"curies":[{"name":"wp","href":"https:\/\/api.w.org\/{rel}","templated":true}]}}