{"id":13416,"date":"2016-02-16T12:47:16","date_gmt":"2016-02-16T14:47:16","guid":{"rendered":"http:\/\/catolicanet.net\/wp-cnet\/2016\/02\/16\/etiopia-nunca-vi-uma-seca-como-estaq\/"},"modified":"2017-05-31T11:57:01","modified_gmt":"2017-05-31T14:57:01","slug":"etiopia-nunca-vi-uma-seca-como-estaq","status":"publish","type":"post","link":"https:\/\/catolicanet.net\/wp-cnet\/etiopia-nunca-vi-uma-seca-como-estaq\/","title":{"rendered":"Eti\u00f3pia: \u201cNunca vi uma seca como esta&#8221;"},"content":{"rendered":"<p style=\"text-align: justify;\"><img decoding=\"async\" src=\"http:\/\/catolicanet.com.br\/images\/stories\/geral\/1100929ce10c721cac00963df69d3ca3_xl.jpg\" border=\"0\" align=\"left\" \/>A fome n\u00e3o \u00e9 nada algo novo para os habitantes da Eti\u00f3pia. Contudo, nunca a situa\u00e7\u00e3o chegou a ser t\u00e3o dram\u00e1tica como atualmente, quando cerca de 18 milh\u00f5es de pessoas est\u00e3o sendo afetadas pela seca.<\/p>\n<p>As consequ\u00eancias s\u00e3o m\u00faltiplas: o gado morre, os habitantes abandonam as aldeias para procurar alimentos em regi\u00f5es menos afetadas e os n\u00f4mades partem com o seu gado \u00e0 procura de pastagens, mas entram em conflito com as popula\u00e7\u00f5es locais. Al\u00e9m disso, muitas crian\u00e7as j\u00e1 n\u00e3o frequentam escolas por estarem muito fracas para percorrer os longos e dif\u00edceis caminhos. Assim, n\u00e3o s\u00f3 a sa\u00fade e a vida dos pequenos correm perigo, mas o seu futuro tamb\u00e9m est\u00e1 em jogo.<\/p>\n<p>Hagosa Gebru, m\u00e3e de nove filhos, diz: \u201cNa minha fam\u00edlia, tivemos de diminuir a quantidade do nosso almo\u00e7o di\u00e1rio. Em consequ\u00eancia, um dos meus filhos deixou de frequentar a escola, pois j\u00e1 n\u00e3o tem for\u00e7a para percorrer o caminho.\u201d.<\/p>\n<p>Tsega Aregawi, que tem oito filhos, entre eles um beb\u00ea ainda lactente, disse: \u201cNunca vi uma seca como esta. Nada do que plantamos cresceu. At\u00e9 agora, conseguimos sobreviver comendo cactos e dando o resto para o nosso gado. Mas at\u00e9 esta fonte de alimento acabou. Tenho medo do que pode acontecer\u201d.<\/p>\n<p>A \u00e1gua est\u00e1 cada vez mais escassa e os po\u00e7os est\u00e3o secando. Com frequ\u00eancia \u00e9 preciso trazer \u00e1gua de longe e com caminh\u00f5es, e assim os pre\u00e7os aumentam vertiginosamente.<\/p>\n<p>A Confer\u00eancia Episcopal Cat\u00f3lica da Eti\u00f3pia tamb\u00e9m advertiu h\u00e1 pouco tempo que cada vez mais jovens se arriscam a emigrar ilegalmente para o exterior em busca de trabalho. \u201cOs pais destes jovens, j\u00e1 idosos, v\u00e3o ficar para tr\u00e1s sem os filhos, e as esposas sem os seus esposos, que s\u00e3o em muitos casos, quem alimenta suas fam\u00edlias e as suas mulheres e filhas v\u00e3o ficar expostas a diferentes formas de viol\u00eancia e maus tratos\u201d. Por isto, a seca tamb\u00e9m representa um perigo para a coes\u00e3o social e o futuro das pessoas.<\/p>\n<p>Devido a esta situa\u00e7\u00e3o, a Igreja cat\u00f3lica et\u00edope elaborou um plano de emerg\u00eancia. Gra\u00e7as \u00e0 boa organiza\u00e7\u00e3o de suas estruturas, a Igreja pode chegar rapidamente at\u00e9 os mais necessitados. Apesar disso, a vida religiosa tamb\u00e9m foi afetada, pois muitos fi\u00e9is j\u00e1 n\u00e3o podem mais frequentar a Igreja, nos casos em que isto sup\u00f5e viagens a p\u00e9 de entre tr\u00eas e quatro horas.<\/p>\n<p>Um aspecto muito necess\u00e1rio \u00e9 a ajuda aos catequistas que, tal como em outras regi\u00f5es da \u00c1frica, tem uma import\u00e2ncia especial na Eti\u00f3pia. \u00c9 que as \u00e1reas paroquiais s\u00e3o gigantescas e os sacerdotes n\u00e3o conseguem atender com a frequ\u00eancia necess\u00e1ria todas as aldeias. Assim, os catequistas instruem na f\u00e9 os habitantes das aldeias, os preparam para receber os sacramentos e rezam com eles. Isto significa que fazem uma grande parte do trabalho pastoral, apesar de n\u00e3o receberem nada ou muito pouco por isto. Geralmente, alimentam suas fam\u00edlias trabalhando no campo, mas se a colheita fracassa, existe o perigo de que tenham de se mudar para outros lugares para encontrar trabalho. Quando isto acontece, muitos fi\u00e9is ficam sem assist\u00eancia pastoral. Por isto, \u00e9 extremamente importante garantir a subsist\u00eancia dos catequistas.<\/p>\n<p>Em consequ\u00eancia, a Ajuda \u00e0 Igreja que Sofre (ACN) decidiu conceder uma ajuda de emerg\u00eancia a 1.415 catequistas de treze dioceses afetadas pela seca. A soma doada foi de aproximados 2 milh\u00f5es de reais. Esta not\u00edcia foi acolhida com j\u00fabilo e o Pe. Seyoum Fransua, secret\u00e1rio geral adjunto do Secretariado Cat\u00f3lico Et\u00edope, nos agradece numa carta a \u201cresposta imediata e generosa salvadora de vidas\u201d.<\/p>\n<p>No Evangelho, Jesus diz: \u201cTive fome e me destes de comer, tive sede e me destes de beber\u201d (Mt. 25, 35). Hoje em dia, Jesus dirige a n\u00f3s o apelo de 18 milh\u00f5es de et\u00edopes. Qual resposta ser\u00e1 dada pela comunidade internacional? Qual resposta ser\u00e1 dada por mim e por voc\u00ea?<\/p>\n<p style=\"text-align: justify;\">Fonte: AIS<\/p>\n","protected":false},"excerpt":{"rendered":"<p>A fome n\u00e3o \u00e9 nada algo novo para os habitantes da Eti\u00f3pia. Contudo, nunca a situa\u00e7\u00e3o chegou a ser t\u00e3o dram\u00e1tica como atualmente, quando cerca de 18 milh\u00f5es de pessoas est\u00e3o sendo afetadas pela seca. As consequ\u00eancias s\u00e3o m\u00faltiplas: o gado morre, os habitantes abandonam as aldeias para procurar alimentos em regi\u00f5es menos afetadas e [&hellip;]<\/p>\n","protected":false},"author":1,"featured_media":0,"comment_status":"open","ping_status":"open","sticky":false,"template":"","format":"standard","meta":{"footnotes":""},"categories":[4],"tags":[],"class_list":["post-13416","post","type-post","status-publish","format-standard","hentry","category-cotidiano"],"_links":{"self":[{"href":"https:\/\/catolicanet.net\/wp-cnet\/wp-json\/wp\/v2\/posts\/13416","targetHints":{"allow":["GET"]}}],"collection":[{"href":"https:\/\/catolicanet.net\/wp-cnet\/wp-json\/wp\/v2\/posts"}],"about":[{"href":"https:\/\/catolicanet.net\/wp-cnet\/wp-json\/wp\/v2\/types\/post"}],"author":[{"embeddable":true,"href":"https:\/\/catolicanet.net\/wp-cnet\/wp-json\/wp\/v2\/users\/1"}],"replies":[{"embeddable":true,"href":"https:\/\/catolicanet.net\/wp-cnet\/wp-json\/wp\/v2\/comments?post=13416"}],"version-history":[{"count":1,"href":"https:\/\/catolicanet.net\/wp-cnet\/wp-json\/wp\/v2\/posts\/13416\/revisions"}],"predecessor-version":[{"id":26454,"href":"https:\/\/catolicanet.net\/wp-cnet\/wp-json\/wp\/v2\/posts\/13416\/revisions\/26454"}],"wp:attachment":[{"href":"https:\/\/catolicanet.net\/wp-cnet\/wp-json\/wp\/v2\/media?parent=13416"}],"wp:term":[{"taxonomy":"category","embeddable":true,"href":"https:\/\/catolicanet.net\/wp-cnet\/wp-json\/wp\/v2\/categories?post=13416"},{"taxonomy":"post_tag","embeddable":true,"href":"https:\/\/catolicanet.net\/wp-cnet\/wp-json\/wp\/v2\/tags?post=13416"}],"curies":[{"name":"wp","href":"https:\/\/api.w.org\/{rel}","templated":true}]}}