{"id":13413,"date":"2016-02-16T12:24:20","date_gmt":"2016-02-16T14:24:20","guid":{"rendered":"http:\/\/catolicanet.net\/wp-cnet\/2016\/02\/16\/hospitais-bombardeados-na-siria\/"},"modified":"2017-05-30T10:38:59","modified_gmt":"2017-05-30T13:38:59","slug":"hospitais-bombardeados-na-siria","status":"publish","type":"post","link":"https:\/\/catolicanet.net\/wp-cnet\/hospitais-bombardeados-na-siria\/","title":{"rendered":"Hospitais bombardeados na S\u00edria"},"content":{"rendered":"<p style=\"text-align: justify;\"><img decoding=\"async\" src=\"http:\/\/catolicanet.com.br\/images\/stories\/geral\/reuters1265146_articolo.jpg\" border=\"0\" align=\"left\" \/>\u201cN\u00f3s da UNICEF estamos desconcertados pelas not\u00edcias dos ataques contra quatro estruturas de sa\u00fade na S\u00edria, duas das quais recebiam apoio da UNICEF. Uma das quais \u00e9 um hospital materno-infantil, onde algumas crian\u00e7as foram mortas e muitas evacuadas com urg\u00eancia\u201d. \u00c9 o que declara o \u00f3rg\u00e3o da ONU para a inf\u00e2ncia deplorando os bombardeios ocorridos em Azaz, Aleppo e em Idlib, onde um dos hospitais foi alvo de ataques quatro vezes.<\/p>\n<p>Somente na cidade de Azaz foram bombardeadas tamb\u00e9m duas escolas, com pelo menos seis crian\u00e7as mortas. Na S\u00edria, um ter\u00e7o dos hospitais e um quarto das escolas \u2013 5.000 \u2013 foram destru\u00eddos ou inutilizados por ataques, informa a UNICEF, que chama a aten\u00e7\u00e3o para o fato de que, al\u00e9m de todas as considera\u00e7\u00f5es diplom\u00e1ticas e obriga\u00e7\u00f5es da prote\u00e7\u00e3o da inf\u00e2ncia, segundo o direito internacional humanit\u00e1rio, \u201cas maiores v\u00edtimas s\u00e3o as crian\u00e7as\u201d.<\/p>\n<p>Milhares sem acesso a servi\u00e7os de sa\u00fade<\/p>\n<p>\u201cParece ser um ataque deliberado contra a estrutura de sa\u00fade e o condenamos com a maior for\u00e7a poss\u00edvel\u201d, disse por sua vez Massimiliano Rebaudengo, respons\u00e1vel pela miss\u00e3o da Ong M\u00e9dicos Sem fronteiras. \u201cA destrui\u00e7\u00e3o deste hospital deixa uma popula\u00e7\u00e3o de cerca 40 mil pessoas sem acesso aos servi\u00e7os sanit\u00e1rios em uma zona de conflito\u201d. O hospital em Idlib, com 30 leitos, contava com um staff de 54 pessoas, duas salas de cirurgia, um ambulat\u00f3rio e um Pronto Socorro. A M\u00e9dicos Sem fronteiras est\u00e1 dando suporte ao hospital desde setembro de 2015 e cobriu todas as suas necessidades, incluindo m\u00e9dicos e custos de gest\u00e3o.<\/p>\n<p>Atingido Hospital em Azaz<\/p>\n<p>\u00c9 de pelo menos 10 civis mortos o saldo do ataque a\u00e9reo russo na zona de Azaz, no norte da S\u00edria, na fronteira com a Turquia. Segundo refere o Observat\u00f3rio s\u00edrio para os direitos humanos, entre as v\u00edtimas est\u00e3o duas mulheres (uma gr\u00e1vida) e tr\u00eas menores. Os bombardeios atingiram o hospital de Azaz e o povoado de Kalyibrin. A cidade de Azaz \u00e9 martirizada h\u00e1 dias por bombardeios. O Premier Ahmet Davutoglu disse que um m\u00edssil bal\u00edstico russo atingiu a localidade. Mas a zona \u00e9 atacada h\u00e1 48 horas pelas for\u00e7as armadas turcas. Ankara diz que o objetivo \u00e9 impedir que a localidade seja conquistada pelos curdos.<\/p>\n<p style=\"text-align: justify;\">Fonte: R\u00e1dio Vaticano<\/p>\n","protected":false},"excerpt":{"rendered":"<p>\u201cN\u00f3s da UNICEF estamos desconcertados pelas not\u00edcias dos ataques contra quatro estruturas de sa\u00fade na S\u00edria, duas das quais recebiam apoio da UNICEF. Uma das quais \u00e9 um hospital materno-infantil, onde algumas crian\u00e7as foram mortas e muitas evacuadas com urg\u00eancia\u201d. \u00c9 o que declara o \u00f3rg\u00e3o da ONU para a inf\u00e2ncia deplorando os bombardeios ocorridos [&hellip;]<\/p>\n","protected":false},"author":1,"featured_media":0,"comment_status":"open","ping_status":"open","sticky":false,"template":"","format":"standard","meta":{"footnotes":""},"categories":[4],"tags":[],"class_list":["post-13413","post","type-post","status-publish","format-standard","hentry","category-cotidiano"],"_links":{"self":[{"href":"https:\/\/catolicanet.net\/wp-cnet\/wp-json\/wp\/v2\/posts\/13413","targetHints":{"allow":["GET"]}}],"collection":[{"href":"https:\/\/catolicanet.net\/wp-cnet\/wp-json\/wp\/v2\/posts"}],"about":[{"href":"https:\/\/catolicanet.net\/wp-cnet\/wp-json\/wp\/v2\/types\/post"}],"author":[{"embeddable":true,"href":"https:\/\/catolicanet.net\/wp-cnet\/wp-json\/wp\/v2\/users\/1"}],"replies":[{"embeddable":true,"href":"https:\/\/catolicanet.net\/wp-cnet\/wp-json\/wp\/v2\/comments?post=13413"}],"version-history":[{"count":1,"href":"https:\/\/catolicanet.net\/wp-cnet\/wp-json\/wp\/v2\/posts\/13413\/revisions"}],"predecessor-version":[{"id":24463,"href":"https:\/\/catolicanet.net\/wp-cnet\/wp-json\/wp\/v2\/posts\/13413\/revisions\/24463"}],"wp:attachment":[{"href":"https:\/\/catolicanet.net\/wp-cnet\/wp-json\/wp\/v2\/media?parent=13413"}],"wp:term":[{"taxonomy":"category","embeddable":true,"href":"https:\/\/catolicanet.net\/wp-cnet\/wp-json\/wp\/v2\/categories?post=13413"},{"taxonomy":"post_tag","embeddable":true,"href":"https:\/\/catolicanet.net\/wp-cnet\/wp-json\/wp\/v2\/tags?post=13413"}],"curies":[{"name":"wp","href":"https:\/\/api.w.org\/{rel}","templated":true}]}}