{"id":13399,"date":"2016-02-15T13:30:42","date_gmt":"2016-02-15T15:30:42","guid":{"rendered":"http:\/\/catolicanet.net\/wp-cnet\/2016\/02\/15\/o-primeiro-rosario-de-um-pastor-protestante\/"},"modified":"2017-05-31T11:57:05","modified_gmt":"2017-05-31T14:57:05","slug":"o-primeiro-rosario-de-um-pastor-protestante","status":"publish","type":"post","link":"https:\/\/catolicanet.net\/wp-cnet\/o-primeiro-rosario-de-um-pastor-protestante\/","title":{"rendered":"O primeiro ros\u00e1rio de um pastor protestante"},"content":{"rendered":"<p style=\"text-align: justify;\"><img decoding=\"async\" src=\"http:\/\/catolicanet.com.br\/images\/stories\/geral\/rosario.jpg\" border=\"0\" align=\"left\" \/>Depois de se converter ao catolicismo e perder a fam\u00edlia, foi atrav\u00e9s de um ter\u00e7o &#8220;mal rezado&#8221; que aconteceu o milagre<\/p>\n<p>Fez bastante barulho, em abril de 2013, a convers\u00e3o ao catolicismo do pastor pentecostal portorriquenho Fernando Casanova. Desde ent\u00e3o, ele se tornou um valioso defensor da Igreja com seu assombroso dom\u00ednio da b\u00edblia e seu estilo de orat\u00f3ria apaixonado e de cora\u00e7\u00e3o aberto.<\/p>\n<p>Fernando mesmo relata o lento e doloroso processo da sua convers\u00e3o ao catolicismo: foram cinco anos, depois de muitos outros de prestigioso servi\u00e7o dentro da sua igreja protestante.<\/p>\n<p>O processo de convers\u00e3o come\u00e7ou com a pesquisa b\u00edblica da Igreja \u00fanica e unida fundada por Jesus Cristo, j\u00e1 que Fernando se desconcertava com a prolifera\u00e7\u00e3o cont\u00ednua de grupos e igrejas protestantes. Mas seu af\u00e3 nesta pesquisa tinha uma restri\u00e7\u00e3o clara: a meta de \u201cn\u00e3o ser cat\u00f3lico\u201d.<\/p>\n<p>S\u00f3 que o momento-chave da sua busca interior se deveu precisamente \u00e0 Eucaristia cat\u00f3lica.<\/p>\n<p>Ao tomar a decis\u00e3o de se converter ao catolicismo e comunic\u00e1-la \u00e0 sua esposa, ela, protestante convencida, preferiu a separa\u00e7\u00e3o. Homem de fam\u00edlia e fiel ao matrim\u00f4nio, Fernando teve de passar meses sem conviver com a esposa e os tr\u00eas filhos, martirizado pelo mist\u00e9rio do porqu\u00ea de Deus ao permitir tamanha dor quando ele estava, afinal, seguido o caminho certo.<\/p>\n<p>Em suas prega\u00e7\u00f5es, ele narra, com muito sentimento, que, ao entrar em uma capela para buscar a for\u00e7a de Deus no meio da sua situa\u00e7\u00e3o dolorosa, viu sobre um dos bancos da igreja um ros\u00e1rio. Entendeu que Deus lhe pedia que o rezasse. Para ele, mesmo convertido firmemente, ainda era muito dif\u00edcil, por causa das suas origens evang\u00e9licas, rezar o ter\u00e7o. Mas Fernando olhou para Nossa Senhora e lhe disse que estava disposto a rezar o ros\u00e1rio com dois pedidos:<\/p>\n<p>\u201cQue minha esposa e eu nos reconciliemos\u201d<\/p>\n<p>\u201cQue minha esposa, meus filhos e eu entremos em comunh\u00e3o plena com a Igreja do teu Filho\u201d<\/p>\n<p>Conta ele: \u201cRezei o ter\u00e7o torpemente e sem f\u00e9, pedindo perd\u00e3o a Deus a cada dez ave-marias caso isso n\u00e3o lhe agradasse\u201d.<\/p>\n<p>No mesmo dia, Fernando Casanova se reencontrou com a fam\u00edlia e se reconciliou com a esposa.<\/p>\n<p>Mera coincid\u00eancia? Pois bem. O processo de convers\u00e3o da fam\u00edlia foi continuando. Finalmente, na catedral da capital de Porto Rico, o ex-pastor evang\u00e9lico, sua esposa e seus filhos foram recebidos formalmente na Igreja cat\u00f3lica. E em que dia aconteceu isso? Por mais uma \u201ccoincid\u00eancia\u201d, foi exatamente um ano depois daquele \u201cros\u00e1rio mal rezado\u201d.<\/p>\n<p>O pr\u00f3prio Fernando lamenta n\u00e3o ter conservado aquele ter\u00e7o que, um ano antes, tinha encontrado abandonado sobre um banco da igreja. Ele n\u00e3o apenas gostaria de guard\u00e1-lo: Fernando gostaria que, depois de morto neste mundo, fosse enterrado com aquele ros\u00e1rio envolto em suas m\u00e3os agradecidas.<\/p>\n<p style=\"text-align: justify;\">Fonte: Aleteia<\/p>\n","protected":false},"excerpt":{"rendered":"<p>Depois de se converter ao catolicismo e perder a fam\u00edlia, foi atrav\u00e9s de um ter\u00e7o &#8220;mal rezado&#8221; que aconteceu o milagre Fez bastante barulho, em abril de 2013, a convers\u00e3o ao catolicismo do pastor pentecostal portorriquenho Fernando Casanova. Desde ent\u00e3o, ele se tornou um valioso defensor da Igreja com seu assombroso dom\u00ednio da b\u00edblia e [&hellip;]<\/p>\n","protected":false},"author":1,"featured_media":0,"comment_status":"open","ping_status":"open","sticky":false,"template":"","format":"standard","meta":{"footnotes":""},"categories":[4],"tags":[],"class_list":["post-13399","post","type-post","status-publish","format-standard","hentry","category-cotidiano"],"_links":{"self":[{"href":"https:\/\/catolicanet.net\/wp-cnet\/wp-json\/wp\/v2\/posts\/13399","targetHints":{"allow":["GET"]}}],"collection":[{"href":"https:\/\/catolicanet.net\/wp-cnet\/wp-json\/wp\/v2\/posts"}],"about":[{"href":"https:\/\/catolicanet.net\/wp-cnet\/wp-json\/wp\/v2\/types\/post"}],"author":[{"embeddable":true,"href":"https:\/\/catolicanet.net\/wp-cnet\/wp-json\/wp\/v2\/users\/1"}],"replies":[{"embeddable":true,"href":"https:\/\/catolicanet.net\/wp-cnet\/wp-json\/wp\/v2\/comments?post=13399"}],"version-history":[{"count":1,"href":"https:\/\/catolicanet.net\/wp-cnet\/wp-json\/wp\/v2\/posts\/13399\/revisions"}],"predecessor-version":[{"id":26459,"href":"https:\/\/catolicanet.net\/wp-cnet\/wp-json\/wp\/v2\/posts\/13399\/revisions\/26459"}],"wp:attachment":[{"href":"https:\/\/catolicanet.net\/wp-cnet\/wp-json\/wp\/v2\/media?parent=13399"}],"wp:term":[{"taxonomy":"category","embeddable":true,"href":"https:\/\/catolicanet.net\/wp-cnet\/wp-json\/wp\/v2\/categories?post=13399"},{"taxonomy":"post_tag","embeddable":true,"href":"https:\/\/catolicanet.net\/wp-cnet\/wp-json\/wp\/v2\/tags?post=13399"}],"curies":[{"name":"wp","href":"https:\/\/api.w.org\/{rel}","templated":true}]}}