{"id":13389,"date":"2016-02-15T12:01:45","date_gmt":"2016-02-15T14:01:45","guid":{"rendered":"http:\/\/catolicanet.net\/wp-cnet\/2016\/02\/15\/papa-no-chiapas-vai-e-leva-esperanca-a-regiao-mais-pobre-do-mexico\/"},"modified":"2017-06-02T13:04:43","modified_gmt":"2017-06-02T16:04:43","slug":"papa-no-chiapas-vai-e-leva-esperanca-a-regiao-mais-pobre-do-mexico","status":"publish","type":"post","link":"https:\/\/catolicanet.net\/wp-cnet\/papa-no-chiapas-vai-e-leva-esperanca-a-regiao-mais-pobre-do-mexico\/","title":{"rendered":"Papa no Chiapas: vai e leva esperan\u00e7a \u00e0 regi\u00e3o mais pobre do M\u00e9xico"},"content":{"rendered":"<p style=\"text-align: justify;\"><img decoding=\"async\" src=\"http:\/\/catolicanet.com.br\/images\/stories\/geral\/afp4971970_articolo.jpg\" border=\"0\" align=\"left\" \/>Quarto dia da visita do Papa Francisco ao M\u00e9xico. Depois da missa ontem em Ecatepec na presen\u00e7a de mais de 300 mil fi\u00e9is e do encontro emocionante com as crian\u00e7as doentes de c\u00e2ncer em um hospital pedi\u00e1trico, que entoaram o slogan, \u201cFrancisco &#8216;hermano&#8217;, o Papa \u00e9 mexicano\u201d, nesta segunda-feira, o Santo Padre deixa a Cidade do M\u00e9xico com destino a Tuxtla Guti\u00e9rrez e, em seguida, vai a San Crist\u00f3bal de Las Casas, onde celebrar\u00e1 a Santa Missa com as comunidades ind\u00edgenas de Chiapas. <\/p>\n<p>Este Estado, o mais meridional dos Estados mexicanos, permanece ainda hoje, apesar de seus grandes recursos naturais, um dos menos desenvolvidos, com uma grande pobreza e analfabetismo. Cerca de 36% de seus habitantes fala exclusivamente a sua pr\u00f3pria l\u00edngua ind\u00edgena. Por isso, o Papa ir\u00e1 entregar um documento que autoriza o uso das l\u00ednguas locais nas celebra\u00e7\u00f5es eucar\u00edsticas, tseltal, ch\u2019ol e tsotsil.<\/p>\n<p>Estar\u00e3o presentes fi\u00e9is, na grande maioria ind\u00edgenas, provenientes de todo o Estado de Chiapas.<\/p>\n<p>Francisco almo\u00e7ar\u00e1 com 8 representantes de ind\u00edgenas e com a comitiva papal. Na parte da tarde far\u00e1 uma visita \u00e0 Catedral de San Crist\u00f3bal, onde estar\u00e3o reunidos grupos de idosos e enfermos. O Papa ir\u00e1 oferecer uma homenagem floreal \u00e0 imagem de Nossa Senhora.<\/p>\n<p>O dia do Santo Padre em Chiapas termina com o encontro com as fam\u00edlias no Est\u00e1dio de Tuxtla Guti\u00e9rrez. A estrutura pode conter cerca de 40 mil pessoas. Antes de entrar no est\u00e1dio, o Papa receber\u00e1 do governador do Estado de Chiapas as chaves da cidade.<\/p>\n<p>Durante o encontro com as fam\u00edlias, a renova\u00e7\u00e3o das promessas de matrim\u00f4nio.<\/p>\n<p>Depois, em dire\u00e7\u00e3o do aeroporto, ir\u00e1 descerrar uma placa comemorativa da visita. Retorna em seguida para Cidade do M\u00e9xico.<\/p>\n<p>Nos dias passados o governo do Estado de Chiapas liberou 124 prisioneiros de diferentes pris\u00f5es a pedido dos bispos de Tuxtla Guti\u00e9rrez e San Crist\u00f3bal de las Casas. Dom Felipe Arizmendi Esquivel, Bispo da Diocese de San Crist\u00f3bal de las Casas, explicou que com a visita do Papa Francisco se promove ainda mais a justi\u00e7a.<\/p>\n<p>Dom Arizmendi ressaltou que \u201co Papa vem para promover mais justi\u00e7a, por isso solicitamos, que por ocasi\u00e3o da visita do pont\u00edfice se fizesse justi\u00e7a para estas pessoas\u201d.<\/p>\n<p>Entretanto, foram milhares e milhares de mexicanos que vieram a Cidade do M\u00e9xico nos \u00faltimos dias provenientes das cidade que o Papa n\u00e3o ir\u00e1 visitar durante a sua passagem pelo M\u00e9xico, enfrentando o frio e a espera de horas para s\u00f3 para ver o Papa por alguns segundos e gravar as imagens de Francisco sorridente e aben\u00e7oando.<\/p>\n<p>Foi o caso de centenas de mexicanos vindos da cidade de Veracruz que lotaram cinco \u00f4nibus acompanhados pelo seu bispo. Como n\u00e3o com conseguiram entrar no \u201cZ\u00f3calo\u201d (a pra\u00e7a central da capital onde se encontra a catedral e o pal\u00e1cio presidencial) para saudar o Papa no \u00faltimo s\u00e1bado, se reuniram numa das avenidas onde passaria o papam\u00f3vel. Ficaram esperando tr\u00eas horas e a alegria deles foi enorme s\u00f3 ao ver o Papa passar, acenar para eles e as aben\u00e7oar. E tudo foi gravado nos celulares e enviado aos familiares e amigos que ficaram em Veracruz.<\/p>\n<p>Ali\u00e1s, \u00e9 este o desejo do Papa: encontrar mais pessoas poss\u00edveis. Apesar de ser cansativo, ele faz quest\u00e3o de andar de papam\u00f3vel para que as pessoas possam v\u00ea-lo.<\/p>\n<p>Assim o Papa Francisco continua a sua Viagem Apost\u00f3lica ao grande pa\u00eds cat\u00f3lico das Am\u00e9ricas. Nos \u00faltimos dias foram muitas e aut\u00eanticas as demonstra\u00e7\u00f5es de f\u00e9, admira\u00e7\u00e3o e carinho que o povo mexicano deu ao ilustre h\u00f3spede. O M\u00e9xico \u00e9 um pa\u00eds com grandes problemas, marcado pela desigualdade e onde uma grande parcela da popula\u00e7\u00e3o vive em condi\u00e7\u00f5es de extrema pobreza. Um pa\u00eds que enfrenta a viol\u00eancia gerada pela delinqu\u00eancia organizada e pela falta de respeito pelos direitos humanos. Por\u00e9m, n\u00e3o \u00e9 um pa\u00eds paralisado pelos problemas e dificuldades, pois busca solu\u00e7\u00f5es aos grandes desafios que a modernidade apresenta. E Papa Francisco, na sua visita ao pa\u00eds vai a lugares significativos que apresentam o grande espectro da sociedade mexicana. Vai e leva esperan\u00e7a.<\/p>\n<p>A pergunta \u00e9 evidente em um Estado que se diz laico. At\u00e9 onde o Papa poder\u00e1 com suas mensagens e gestos ajudar esse povo a mudar as coisas? N\u00e3o sabemos, mas certamente o que vemos nestes dias nos lugares por onde passa Francisco \u00e9 uma boa indica\u00e7\u00e3o de uma incans\u00e1vel vontade de mudan\u00e7a.<\/p>\n<p>Dos Est\u00fadios da R\u00e1dio Vaticano, Cidade do M\u00e9xico, Silvonei Jos\u00e9<\/p>\n<p style=\"text-align: justify;\">Fonte: R\u00e1dio Vaticano<\/p>\n","protected":false},"excerpt":{"rendered":"<p>Quarto dia da visita do Papa Francisco ao M\u00e9xico. Depois da missa ontem em Ecatepec na presen\u00e7a de mais de 300 mil fi\u00e9is e do encontro emocionante com as crian\u00e7as doentes de c\u00e2ncer em um hospital pedi\u00e1trico, que entoaram o slogan, \u201cFrancisco &#8216;hermano&#8217;, o Papa \u00e9 mexicano\u201d, nesta segunda-feira, o Santo Padre deixa a Cidade [&hellip;]<\/p>\n","protected":false},"author":1,"featured_media":0,"comment_status":"open","ping_status":"open","sticky":false,"template":"","format":"standard","meta":{"footnotes":""},"categories":[3],"tags":[],"class_list":["post-13389","post","type-post","status-publish","format-standard","hentry","category-vaticano"],"_links":{"self":[{"href":"https:\/\/catolicanet.net\/wp-cnet\/wp-json\/wp\/v2\/posts\/13389","targetHints":{"allow":["GET"]}}],"collection":[{"href":"https:\/\/catolicanet.net\/wp-cnet\/wp-json\/wp\/v2\/posts"}],"about":[{"href":"https:\/\/catolicanet.net\/wp-cnet\/wp-json\/wp\/v2\/types\/post"}],"author":[{"embeddable":true,"href":"https:\/\/catolicanet.net\/wp-cnet\/wp-json\/wp\/v2\/users\/1"}],"replies":[{"embeddable":true,"href":"https:\/\/catolicanet.net\/wp-cnet\/wp-json\/wp\/v2\/comments?post=13389"}],"version-history":[{"count":1,"href":"https:\/\/catolicanet.net\/wp-cnet\/wp-json\/wp\/v2\/posts\/13389\/revisions"}],"predecessor-version":[{"id":28386,"href":"https:\/\/catolicanet.net\/wp-cnet\/wp-json\/wp\/v2\/posts\/13389\/revisions\/28386"}],"wp:attachment":[{"href":"https:\/\/catolicanet.net\/wp-cnet\/wp-json\/wp\/v2\/media?parent=13389"}],"wp:term":[{"taxonomy":"category","embeddable":true,"href":"https:\/\/catolicanet.net\/wp-cnet\/wp-json\/wp\/v2\/categories?post=13389"},{"taxonomy":"post_tag","embeddable":true,"href":"https:\/\/catolicanet.net\/wp-cnet\/wp-json\/wp\/v2\/tags?post=13389"}],"curies":[{"name":"wp","href":"https:\/\/api.w.org\/{rel}","templated":true}]}}