{"id":13361,"date":"2016-02-12T11:33:45","date_gmt":"2016-02-12T13:33:45","guid":{"rendered":"http:\/\/catolicanet.net\/wp-cnet\/2016\/02\/12\/a-boca-deve-confessar-o-que-o-coracao-cre\/"},"modified":"2017-05-08T15:56:20","modified_gmt":"2017-05-08T18:56:20","slug":"a-boca-deve-confessar-o-que-o-coracao-cre","status":"publish","type":"post","link":"https:\/\/catolicanet.net\/wp-cnet\/a-boca-deve-confessar-o-que-o-coracao-cre\/","title":{"rendered":"A boca deve confessar o que o cora\u00e7\u00e3o cr\u00ea"},"content":{"rendered":"<p style=\"text-align: justify;\">O trecho da Carta aos Romanos escolhido para o primeiro domingo da Quaresma faz parte de uma se\u00e7\u00e3o em que S\u00e3o Paulo mostra a fidelidade de Deus e a incredulidade de Israel.<br \/>Em Jesus, Deus concedeu anistia \u00e0 humanidade, pois esta n\u00e3o podia, por si s\u00f3, chegar \u00e0 salva\u00e7\u00e3o. Em Jesus, Deus se tornou pr\u00f3ximo das pessoas, libertando-as gratuitamente por meio da morte e ressurrei\u00e7\u00e3o de seu Filho.<br \/>O povo de Deus do Antigo Testamento acreditava que a salva\u00e7\u00e3o s\u00f3 podia ser obtida mediante a pr\u00e1tica da lei. A liberta\u00e7\u00e3o, pois, seria m\u00e9rito exclusivo das pessoas se elas praticassem os mandamentos. Deus se sentiria como que obrigado a libert\u00e1-las. <br \/>Para S\u00e3o Paulo, a justi\u00e7a \u00e9 pura gra\u00e7a de Deus em Cristo Jesus, que mostrou \u00e0s pessoas o rosto humano de Deus. O que resta, portanto, aos crist\u00e3os? Como ir ao encontro da a\u00e7\u00e3o gratuita do Deus que nos libertou em seu Filho? Em poucas palavras, o texto nos mostra uma das primitivas s\u00ednteses da f\u00e9 crist\u00e3. Essa s\u00edntese se condensa em torno das express\u00f5es \u201cCristo \u00e9 Senhor\u201d e \u201cDeus o ressuscitou!\u201d.<br \/>Chamar Jesus de Senhor \u00e9 reconhec\u00ea-lo em p\u00e9 de igualdade com o Deus do Antigo Testamento ao qual os fieis se dirigiam chamando-o de Senhor, Para os crist\u00e3os, o senhorio de Deus pertence tamb\u00e9m a seu Filho. Ele adquiriu esse t\u00edtulo por meio de sua obedi\u00eancia ao projeto do Pai at\u00e9 o fim, conseguindo para n\u00f3s a liberta\u00e7\u00e3o. A s\u00edntese da f\u00e9 crist\u00e3 \u00e9 a confiss\u00e3o de que Jesus \u00e9 Senhor. Mas a profiss\u00e3o de f\u00e9 do crist\u00e3o n\u00e3o para a\u00ed. N\u00e3o basta \u201cprofessar com a boca\u201d. \u00c9 preciso crer no cora\u00e7\u00e3o que \u201cDeus o ressuscitou\u201d.<br \/>De acordo com a antropologia sem\u00edtica, o cora\u00e7\u00e3o \u00e9 a sede das op\u00e7\u00f5es da vida. Sendo assim, \u201ccrer no cora\u00e7\u00e3o\u201d nada mais \u00e9 do que uma pr\u00e1tica crist\u00e3 capaz de traduzir em gestos gratuitos e libertadores a f\u00e9 que professamos. Crer no cora\u00e7\u00e3o que Deus ressuscitou a Jesus \u00e9 por em movimento seu processo de liberta\u00e7\u00e3o em que ningu\u00e9m fique exclu\u00eddo. Isso envolve todos os setores da pastoral e da evangeliza\u00e7\u00e3o, sem deixar ningu\u00e9m de fora, pois \u201ctodo aquele que invocar o nome do Senhor ser\u00e1 salvo\u201d.<\/p>\n","protected":false},"excerpt":{"rendered":"<p>O trecho da Carta aos Romanos escolhido para o primeiro domingo da Quaresma faz parte de uma se\u00e7\u00e3o em que S\u00e3o Paulo mostra a fidelidade de Deus e a incredulidade de Israel.Em Jesus, Deus concedeu anistia \u00e0 humanidade, pois esta n\u00e3o podia, por si s\u00f3, chegar \u00e0 salva\u00e7\u00e3o. Em Jesus, Deus se tornou pr\u00f3ximo das [&hellip;]<\/p>\n","protected":false},"author":10,"featured_media":0,"comment_status":"open","ping_status":"open","sticky":false,"template":"","format":"standard","meta":{"footnotes":""},"categories":[9],"tags":[],"class_list":["post-13361","post","type-post","status-publish","format-standard","hentry","category-artigos"],"_links":{"self":[{"href":"https:\/\/catolicanet.net\/wp-cnet\/wp-json\/wp\/v2\/posts\/13361","targetHints":{"allow":["GET"]}}],"collection":[{"href":"https:\/\/catolicanet.net\/wp-cnet\/wp-json\/wp\/v2\/posts"}],"about":[{"href":"https:\/\/catolicanet.net\/wp-cnet\/wp-json\/wp\/v2\/types\/post"}],"author":[{"embeddable":true,"href":"https:\/\/catolicanet.net\/wp-cnet\/wp-json\/wp\/v2\/users\/10"}],"replies":[{"embeddable":true,"href":"https:\/\/catolicanet.net\/wp-cnet\/wp-json\/wp\/v2\/comments?post=13361"}],"version-history":[{"count":1,"href":"https:\/\/catolicanet.net\/wp-cnet\/wp-json\/wp\/v2\/posts\/13361\/revisions"}],"predecessor-version":[{"id":21698,"href":"https:\/\/catolicanet.net\/wp-cnet\/wp-json\/wp\/v2\/posts\/13361\/revisions\/21698"}],"wp:attachment":[{"href":"https:\/\/catolicanet.net\/wp-cnet\/wp-json\/wp\/v2\/media?parent=13361"}],"wp:term":[{"taxonomy":"category","embeddable":true,"href":"https:\/\/catolicanet.net\/wp-cnet\/wp-json\/wp\/v2\/categories?post=13361"},{"taxonomy":"post_tag","embeddable":true,"href":"https:\/\/catolicanet.net\/wp-cnet\/wp-json\/wp\/v2\/tags?post=13361"}],"curies":[{"name":"wp","href":"https:\/\/api.w.org\/{rel}","templated":true}]}}