{"id":13357,"date":"2016-02-12T11:19:02","date_gmt":"2016-02-12T13:19:02","guid":{"rendered":"http:\/\/catolicanet.net\/wp-cnet\/2016\/02\/12\/pensamento-do-dia-64\/"},"modified":"2017-05-31T11:59:45","modified_gmt":"2017-05-31T14:59:45","slug":"pensamento-do-dia-64","status":"publish","type":"post","link":"https:\/\/catolicanet.net\/wp-cnet\/pensamento-do-dia-64\/","title":{"rendered":"Pensamento do dia"},"content":{"rendered":"<p style=\"text-align: justify;\">Seja forte, seja confiante em si mesmo, tenha pensamento positivo, dias melhores vir\u00e3o, se n\u00e3o for hoje ou amanh\u00e3, ser\u00e1 depois, mas chegar\u00e1, confie em Deus, ele n\u00e3o faz nada em v\u00e3o.<br \/>Paula Andrade<\/p>\n","protected":false},"excerpt":{"rendered":"<p>Seja forte, seja confiante em si mesmo, tenha pensamento positivo, dias melhores vir\u00e3o, se n\u00e3o for hoje ou amanh\u00e3, ser\u00e1 depois, mas chegar\u00e1, confie em Deus, ele n\u00e3o faz nada em v\u00e3o.Paula Andrade<\/p>\n","protected":false},"author":1,"featured_media":0,"comment_status":"open","ping_status":"open","sticky":false,"template":"","format":"standard","meta":{"footnotes":""},"categories":[4],"tags":[],"class_list":["post-13357","post","type-post","status-publish","format-standard","hentry","category-cotidiano"],"_links":{"self":[{"href":"https:\/\/catolicanet.net\/wp-cnet\/wp-json\/wp\/v2\/posts\/13357","targetHints":{"allow":["GET"]}}],"collection":[{"href":"https:\/\/catolicanet.net\/wp-cnet\/wp-json\/wp\/v2\/posts"}],"about":[{"href":"https:\/\/catolicanet.net\/wp-cnet\/wp-json\/wp\/v2\/types\/post"}],"author":[{"embeddable":true,"href":"https:\/\/catolicanet.net\/wp-cnet\/wp-json\/wp\/v2\/users\/1"}],"replies":[{"embeddable":true,"href":"https:\/\/catolicanet.net\/wp-cnet\/wp-json\/wp\/v2\/comments?post=13357"}],"version-history":[{"count":1,"href":"https:\/\/catolicanet.net\/wp-cnet\/wp-json\/wp\/v2\/posts\/13357\/revisions"}],"predecessor-version":[{"id":26472,"href":"https:\/\/catolicanet.net\/wp-cnet\/wp-json\/wp\/v2\/posts\/13357\/revisions\/26472"}],"wp:attachment":[{"href":"https:\/\/catolicanet.net\/wp-cnet\/wp-json\/wp\/v2\/media?parent=13357"}],"wp:term":[{"taxonomy":"category","embeddable":true,"href":"https:\/\/catolicanet.net\/wp-cnet\/wp-json\/wp\/v2\/categories?post=13357"},{"taxonomy":"post_tag","embeddable":true,"href":"https:\/\/catolicanet.net\/wp-cnet\/wp-json\/wp\/v2\/tags?post=13357"}],"curies":[{"name":"wp","href":"https:\/\/api.w.org\/{rel}","templated":true}]}}