{"id":13352,"date":"2016-02-11T17:26:55","date_gmt":"2016-02-11T19:26:55","guid":{"rendered":"http:\/\/catolicanet.net\/wp-cnet\/2016\/02\/11\/papa-visita-santa-maria-maior-e-sao-joao-de-latrao\/"},"modified":"2017-06-02T13:09:46","modified_gmt":"2017-06-02T16:09:46","slug":"papa-visita-santa-maria-maior-e-sao-joao-de-latrao","status":"publish","type":"post","link":"https:\/\/catolicanet.net\/wp-cnet\/papa-visita-santa-maria-maior-e-sao-joao-de-latrao\/","title":{"rendered":"Papa visita Santa Maria Maior e S\u00e3o Jo\u00e3o de Latr\u00e3o"},"content":{"rendered":"<p style=\"text-align: justify;\"><img decoding=\"async\" src=\"http:\/\/catolicanet.com.br\/images\/stories\/geral\/ossrom91624_articolo.jpg\" border=\"0\" align=\"left\" \/>O Papa Francisco foi \u00e0 Bas\u00edlica de Santa Maria Maior, centro de Roma, na manh\u00e3 desta quinta-feira (11\/02), como costuma fazer antes de suas viagens internacionais, para confiar a Maria Salus Populi Romani a sua viagem apost\u00f3lica ao M\u00e9xico que ter\u00e1 in\u00edcio nesta sexta-feira (12\/02).<\/p>\n<p>A seguir, o pont\u00edfice foi \u00e0 Bas\u00edlica de S\u00e3o Jo\u00e3o de Latr\u00e3o onde est\u00e1 em andamento o encontro dos presb\u00edteros romanos por ocasi\u00e3o do in\u00edcio da Quaresma. Ali, confessou alguns sacerdotes. <\/p>\n<p>\u201cO encontro do clero romano \u00e9 de car\u00e1ter penitencial a fim de que os presb\u00edteros possam fazer experi\u00eancia da miseric\u00f3rdia do Pai e ser ministros de miseric\u00f3rdia nas comunidades a eles confiadas\u201d, afirma o Vig\u00e1rio do Papa para a Diocese de Roma, Cardeal Agostino Vallini, na carta de apresenta\u00e7\u00e3o do evento, publicada no site do organismo. O encontro \u00e9 guiado por Dom Angelo De Donatis, bispo auxiliar de sua Diocese de Roma, presidente do Servi\u00e7o para a Forma\u00e7\u00e3o Permanente do Clero.<\/p>\n<p>Como sinal da Quaresma, as ofertas arrecadadas entre os sacerdotes durante o encontro ser\u00e3o doadas para a Caritas de Roma. <\/p>\n<p>O Cardeal Vallini disse que o Papa presenteou todos os presb\u00edteros do clero romano com o seu livro \u201cO nome de Deus \u00e9 miseric\u00f3rdia\u201d.<\/p>\n<p style=\"text-align: justify;\">Fonte: R\u00e1dio Vaticano<\/p>\n","protected":false},"excerpt":{"rendered":"<p>O Papa Francisco foi \u00e0 Bas\u00edlica de Santa Maria Maior, centro de Roma, na manh\u00e3 desta quinta-feira (11\/02), como costuma fazer antes de suas viagens internacionais, para confiar a Maria Salus Populi Romani a sua viagem apost\u00f3lica ao M\u00e9xico que ter\u00e1 in\u00edcio nesta sexta-feira (12\/02). A seguir, o pont\u00edfice foi \u00e0 Bas\u00edlica de S\u00e3o Jo\u00e3o [&hellip;]<\/p>\n","protected":false},"author":1,"featured_media":0,"comment_status":"open","ping_status":"open","sticky":false,"template":"","format":"standard","meta":{"footnotes":""},"categories":[3],"tags":[],"class_list":["post-13352","post","type-post","status-publish","format-standard","hentry","category-vaticano"],"_links":{"self":[{"href":"https:\/\/catolicanet.net\/wp-cnet\/wp-json\/wp\/v2\/posts\/13352","targetHints":{"allow":["GET"]}}],"collection":[{"href":"https:\/\/catolicanet.net\/wp-cnet\/wp-json\/wp\/v2\/posts"}],"about":[{"href":"https:\/\/catolicanet.net\/wp-cnet\/wp-json\/wp\/v2\/types\/post"}],"author":[{"embeddable":true,"href":"https:\/\/catolicanet.net\/wp-cnet\/wp-json\/wp\/v2\/users\/1"}],"replies":[{"embeddable":true,"href":"https:\/\/catolicanet.net\/wp-cnet\/wp-json\/wp\/v2\/comments?post=13352"}],"version-history":[{"count":1,"href":"https:\/\/catolicanet.net\/wp-cnet\/wp-json\/wp\/v2\/posts\/13352\/revisions"}],"predecessor-version":[{"id":28415,"href":"https:\/\/catolicanet.net\/wp-cnet\/wp-json\/wp\/v2\/posts\/13352\/revisions\/28415"}],"wp:attachment":[{"href":"https:\/\/catolicanet.net\/wp-cnet\/wp-json\/wp\/v2\/media?parent=13352"}],"wp:term":[{"taxonomy":"category","embeddable":true,"href":"https:\/\/catolicanet.net\/wp-cnet\/wp-json\/wp\/v2\/categories?post=13352"},{"taxonomy":"post_tag","embeddable":true,"href":"https:\/\/catolicanet.net\/wp-cnet\/wp-json\/wp\/v2\/tags?post=13352"}],"curies":[{"name":"wp","href":"https:\/\/api.w.org\/{rel}","templated":true}]}}