{"id":13349,"date":"2016-02-11T11:00:59","date_gmt":"2016-02-11T13:00:59","guid":{"rendered":"http:\/\/catolicanet.net\/wp-cnet\/2016\/02\/11\/campanha-da-fraternidade-mensagem-do-papa-aos-brasileiros\/"},"modified":"2017-05-30T10:48:43","modified_gmt":"2017-05-30T13:48:43","slug":"campanha-da-fraternidade-mensagem-do-papa-aos-brasileiros","status":"publish","type":"post","link":"https:\/\/catolicanet.net\/wp-cnet\/campanha-da-fraternidade-mensagem-do-papa-aos-brasileiros\/","title":{"rendered":"Campanha da Fraternidade: mensagem do Papa aos brasileiros"},"content":{"rendered":"<p style=\"text-align: justify;\"><img decoding=\"async\" src=\"http:\/\/catolicanet.com.br\/images\/stories\/geral\/ap2924172_articolo.jpg\" border=\"0\" align=\"left\" \/>\u201cO acesso \u00e0 \u00e1gua pot\u00e1vel e ao saneamento b\u00e1sico \u00e9 condi\u00e7\u00e3o necess\u00e1ria para a supera\u00e7\u00e3o da injusti\u00e7a social e para a erradica\u00e7\u00e3o da pobreza e da fome\u201d: palavras do Papa Francisco que est\u00e3o contidas na mensagem aos brasileiros por ocasi\u00e3o da Campanha da Fraternidade 2016. O tema este ano \u00e9 \u201cCasa comum: nossa responsabilidade\u201d.<\/p>\n<p>No texto, o Pont\u00edfice recorda que se trata da quarta edi\u00e7\u00e3o ecum\u00eanica da Campanha e que, desta vez, cruza as fronteiras para uma parceria com os cat\u00f3licos alem\u00e3es, atrav\u00e9s da Misereor (institui\u00e7\u00e3o da Confer\u00eancia Episcopal Alem\u00e3 para a coopera\u00e7\u00e3o para o desenvolvimento). <\/p>\n<p>Comentando o tema escolhido sobre saneamento b\u00e1sico, Francisco convida todos a se empenharem com pol\u00edticas p\u00fablicas e atitudes respons\u00e1veis que garantam a integridade e o futuro de Casa Comum.<\/p>\n<p>Supera\u00e7\u00e3o da injusti\u00e7a social<\/p>\n<p>\u201cO acesso \u00e0 \u00e1gua pot\u00e1vel e ao saneamento b\u00e1sico \u00e9 condi\u00e7\u00e3o necess\u00e1ria para a supera\u00e7\u00e3o da injusti\u00e7a social e para a erradica\u00e7\u00e3o da pobreza e da fome, para a supera\u00e7\u00e3o dos altos \u00edndices de mortalidade infantil e de doen\u00e7as evit\u00e1veis, e para a sustentabilidade ambiental\u201d, escreve o Papa.<\/p>\n<p>Citando sua Enc\u00edclica Laudato si, Franscisco recorda que a grave d\u00edvida social para com os pobres \u00e9 parcialmente saldada quando se desenvolvem programas para prover de \u00e1gua limpa e saneamento as popula\u00e7\u00f5es mais pobres, evidenciando o nexo que h\u00e1 entre a degrada\u00e7\u00e3o ambiental e a degrada\u00e7\u00e3o humana e social.<\/p>\n<p>\u201cAprofundemos a cultura ecol\u00f3gica\u201d, pede o Pont\u00edfice. \u201cEla n\u00e3o pode se limitar a respostas parciais, como se os problemas estivessem isolados. Insisto que o rico patrim\u00f4nio da espiritualidade crist\u00e3 pode dar uma magn\u00edfica contribui\u00e7\u00e3o para o esfor\u00e7o de renovar a humanidade. Eu os convido a redescobrir como nossa espiritualidade se aprofunda quando descobrimos que Jesus quer \u00abque toquemos a carne sofredora dos outros\u00bb (Evangelii gaudium, 270), dedicando-nos ao \u00abcuidado generoso e cheio de ternura\u00bb (Laudato si\u2019, 220) de nossos irm\u00e3os e irm\u00e3s e de toda a cria\u00e7\u00e3o.<\/p>\n<p>Eis a \u00edntegra da mensagem de Francisco.<\/p>\n<p>Queridos irm\u00e3os e irm\u00e3s do Brasil!<\/p>\n<p>Em sua grande miseric\u00f3rdia, Deus n\u00e3o se cansa de nos oferecer sua b\u00ean\u00e7\u00e3o e sua gra\u00e7a e de nos chamar \u00e0 convers\u00e3o e ao crescimento na f\u00e9. No Brasil, desde 1963, se realiza durante a Quaresma a Campanha da Fraternidade. Ela prop\u00f5e cada ano uma motiva\u00e7\u00e3o comunit\u00e1ria para a convers\u00e3o e a mudan\u00e7a de vida. Em 2016, a Campanha da Fraternidade trata do saneamento b\u00e1sico. Ela tem como tema: \u00abCasa comum, nossa responsabilidade\u00bb. Seu lema b\u00edblico \u00e9 tomado do Profeta Am\u00f3s: \u00abQuero ver o direito brotar como fonte e a justi\u00e7a qual riacho que n\u00e3o seca\u00bb (Am 5,24).<\/p>\n<p>\u00c9 a quarta vez que a Campanha da Fraternidade se realiza com as Igrejas que fazem parte do Conselho Nacional das Igrejas Crist\u00e3s do Brasil (CONIC). Mas, desta vez, ela cruza fronteiras: \u00e9 feita em conjunto com a Misereor, iniciativa dos cat\u00f3licos alem\u00e3es que realiza a Campanha da Quaresma desde 1958. O objetivo principal deste ano \u00e9 o de contribuir para que seja assegurado o direito essencial de todos ao saneamento b\u00e1sico. Para tanto, apela a todas as pessoas convidando-as a se empenharem com pol\u00edticas p\u00fablicas e atitudes respons\u00e1veis que garantam a integridade e o futuro de nossa Casa Comum.<\/p>\n<p>Todos n\u00f3s temos responsabilidade por nossa Casa Comum, ela envolve os governantes e toda a sociedade. Por meio desta Campanha da Fraternidade, as pessoas e comunidades s\u00e3o convidadas a se mobilizar, a partir dos locais em que vivem. S\u00e3o chamadas a tomar iniciativas em que se unam as Igrejas e as diversas express\u00f5es religiosas e todas as pessoas de boa vontade na promo\u00e7\u00e3o da justi\u00e7a e do direito ao saneamento b\u00e1sico. O acesso \u00e0 \u00e1gua pot\u00e1vel e ao esgotamento sanit\u00e1rio \u00e9 condi\u00e7\u00e3o necess\u00e1ria para a supera\u00e7\u00e3o da injusti\u00e7a social e para a erradica\u00e7\u00e3o da pobreza e da fome, para a supera\u00e7\u00e3o dos altos \u00edndices de mortalidade infantil e de doen\u00e7as evit\u00e1veis, e para a sustentabilidade ambiental.<\/p>\n<p>Na enc\u00edclica Laudato si\u2019, recordei que \u00abo acesso \u00e0 \u00e1gua pot\u00e1vel e segura \u00e9 um direito humano essencial, fundamental e universal, porque determina a sobreviv\u00eancia das pessoas e, portanto, \u00e9 condi\u00e7\u00e3o para o exerc\u00edcio dos outros direitos humanos\u00bb (n. 30) e que a grave d\u00edvida social para com os pobres \u00e9 parcialmente saldada quando se desenvolvem programas para prover de \u00e1gua limpa e saneamento as popula\u00e7\u00f5es mais pobres (cf. ibid.). E, numa perspectiva de ecologia integral, procurei evidenciar o nexo que h\u00e1 entre a degrada\u00e7\u00e3o ambiental e a degrada\u00e7\u00e3o humana e social, alertando que \u00aba deteriora\u00e7\u00e3o do meio ambiente e a da sociedade afetam de modo especial os mais fr\u00e1geis do planeta\u00bb (n. 48).<\/p>\n<p>Aprofundemos a cultura ecol\u00f3gica. Ela n\u00e3o pode se limitar a respostas parciais, como se os problemas estivessem isolados. Ela \u00abdeveria ser um olhar diferente, um pensamento, uma pol\u00edtica, um programa educativo, um estilo de vida e uma espiritualidade que oponham resist\u00eancia ao avan\u00e7o do paradigma tecnocr\u00e1tico\u00bb (Laudato si\u2019, 111). Queridos irm\u00e3os e irm\u00e3s, insisto que o rico patrim\u00f4nio da espiritualidade crist\u00e3 pode dar uma magn\u00edfica contribui\u00e7\u00e3o para o esfor\u00e7o de renovar a humanidade. Eu os convido, principalmente durante esta Quaresma, motivados pela Campanha da Fraternidade Ecum\u00eanica, a redescobrir como nossa espiritualidade se aprofunda quando superamos \u00aba tenta\u00e7\u00e3o de ser crist\u00e3os, mantendo uma prudente dist\u00e2ncia das chagas do Senhor\u00bb e descobrimos que Jesus quer \u00abque toquemos a carne sofredora dos outros\u00bb (Evangelii gaudium, 270), dedicando-nos ao \u00abcuidado generoso e cheio de ternura\u00bb (Laudato si\u2019, 220) de nossos irm\u00e3os e irm\u00e3s e de toda a cria\u00e7\u00e3o.<\/p>\n<p>Eu me uno a todos os crist\u00e3os do Brasil e aos que, na Alemanha, se envolvem nessa Campanha da Fraternidade Ecum\u00eanica, pedindo a Deus: \u00abensinai-nos a descobrir o valor de cada coisa, a contemplar com encanto, a reconhecer que estamos profundamente unidos com todas as criaturas no nosso caminho para a vossa luz infinita. Obrigado porque estais conosco todos os dias. Sustentai-nos, por favor, na nossa luta pela justi\u00e7a, o amor e a paz\u00bb (Laudato si\u2019, 246). Aproveito a ocasi\u00e3o para enviar a todos minhas cordiais sauda\u00e7\u00f5es com votos de todo bem em Jesus Cristo, \u00fanico Salvador da humanidade e pedindo que, por favor, n\u00e3o deixem de rezar por mim!<\/p>\n<p style=\"text-align: justify;\">Fonte: R\u00e1dio Vaticano<\/p>\n","protected":false},"excerpt":{"rendered":"<p>\u201cO acesso \u00e0 \u00e1gua pot\u00e1vel e ao saneamento b\u00e1sico \u00e9 condi\u00e7\u00e3o necess\u00e1ria para a supera\u00e7\u00e3o da injusti\u00e7a social e para a erradica\u00e7\u00e3o da pobreza e da fome\u201d: palavras do Papa Francisco que est\u00e3o contidas na mensagem aos brasileiros por ocasi\u00e3o da Campanha da Fraternidade 2016. O tema este ano \u00e9 \u201cCasa comum: nossa responsabilidade\u201d. No [&hellip;]<\/p>\n","protected":false},"author":1,"featured_media":0,"comment_status":"open","ping_status":"open","sticky":false,"template":"","format":"standard","meta":{"footnotes":""},"categories":[7],"tags":[],"class_list":["post-13349","post","type-post","status-publish","format-standard","hentry","category-cnbb"],"_links":{"self":[{"href":"https:\/\/catolicanet.net\/wp-cnet\/wp-json\/wp\/v2\/posts\/13349","targetHints":{"allow":["GET"]}}],"collection":[{"href":"https:\/\/catolicanet.net\/wp-cnet\/wp-json\/wp\/v2\/posts"}],"about":[{"href":"https:\/\/catolicanet.net\/wp-cnet\/wp-json\/wp\/v2\/types\/post"}],"author":[{"embeddable":true,"href":"https:\/\/catolicanet.net\/wp-cnet\/wp-json\/wp\/v2\/users\/1"}],"replies":[{"embeddable":true,"href":"https:\/\/catolicanet.net\/wp-cnet\/wp-json\/wp\/v2\/comments?post=13349"}],"version-history":[{"count":1,"href":"https:\/\/catolicanet.net\/wp-cnet\/wp-json\/wp\/v2\/posts\/13349\/revisions"}],"predecessor-version":[{"id":24472,"href":"https:\/\/catolicanet.net\/wp-cnet\/wp-json\/wp\/v2\/posts\/13349\/revisions\/24472"}],"wp:attachment":[{"href":"https:\/\/catolicanet.net\/wp-cnet\/wp-json\/wp\/v2\/media?parent=13349"}],"wp:term":[{"taxonomy":"category","embeddable":true,"href":"https:\/\/catolicanet.net\/wp-cnet\/wp-json\/wp\/v2\/categories?post=13349"},{"taxonomy":"post_tag","embeddable":true,"href":"https:\/\/catolicanet.net\/wp-cnet\/wp-json\/wp\/v2\/tags?post=13349"}],"curies":[{"name":"wp","href":"https:\/\/api.w.org\/{rel}","templated":true}]}}