{"id":13339,"date":"2016-02-10T13:26:22","date_gmt":"2016-02-10T15:26:22","guid":{"rendered":"http:\/\/catolicanet.net\/wp-cnet\/2016\/02\/10\/americacosta-rica-pobreza-e-negligencia-estao-entre-as-principais-causas-da-evasao-escolar\/"},"modified":"2017-05-31T11:59:47","modified_gmt":"2017-05-31T14:59:47","slug":"americacosta-rica-pobreza-e-negligencia-estao-entre-as-principais-causas-da-evasao-escolar","status":"publish","type":"post","link":"https:\/\/catolicanet.net\/wp-cnet\/americacosta-rica-pobreza-e-negligencia-estao-entre-as-principais-causas-da-evasao-escolar\/","title":{"rendered":"AM\u00c9RICA\/COSTA RICA &#8211; Pobreza e neglig\u00eancia est\u00e3o entre as principais causas da evas\u00e3o escolar"},"content":{"rendered":"<p style=\"text-align: justify;\">S\u00e3o Jos\u00e9 (Ag\u00eancia Fides) \u2013 Segundo uma avalia\u00e7\u00e3o anual da Encuesta Nacional de Hogares (Enaho) 2015, realizada anualmente pelo Instituto Nacional de Estat\u00edstica e Censo (INEC), das 584.645 crian\u00e7as de 5 a 12 anos presentes na Costa Rica, cerca de 20 mil n\u00e3o frequentam o ensino fundamental. A maior parte delas, 63,5%, tem menos de 6 anos e os pais n\u00e3o as mandam para a escola porque n\u00e3o t\u00eam ainda a idade m\u00ednima para a frequ\u00eancia. Por outro lado, dos 402.194 adolescentes de 13 a 17 anos, 49.935, equivalentes a 12,4%, n\u00e3o frequentam o ensino secund\u00e1rio. Atualmente, o programa \u2018Puente al desarrollo\u2019, do Minist\u00e9rio da Instru\u00e7\u00e3o local, favorece as fam\u00edlias mais pobres, permitindo-lhes de fazer estudar seus filhos.<\/p>\n<p style=\"text-align: justify;\">Fonte: Ag\u00eancia Fides<\/p>\n","protected":false},"excerpt":{"rendered":"<p>S\u00e3o Jos\u00e9 (Ag\u00eancia Fides) \u2013 Segundo uma avalia\u00e7\u00e3o anual da Encuesta Nacional de Hogares (Enaho) 2015, realizada anualmente pelo Instituto Nacional de Estat\u00edstica e Censo (INEC), das 584.645 crian\u00e7as de 5 a 12 anos presentes na Costa Rica, cerca de 20 mil n\u00e3o frequentam o ensino fundamental. A maior parte delas, 63,5%, tem menos de [&hellip;]<\/p>\n","protected":false},"author":1,"featured_media":0,"comment_status":"open","ping_status":"open","sticky":false,"template":"","format":"standard","meta":{"footnotes":""},"categories":[4],"tags":[],"class_list":["post-13339","post","type-post","status-publish","format-standard","hentry","category-cotidiano"],"_links":{"self":[{"href":"https:\/\/catolicanet.net\/wp-cnet\/wp-json\/wp\/v2\/posts\/13339","targetHints":{"allow":["GET"]}}],"collection":[{"href":"https:\/\/catolicanet.net\/wp-cnet\/wp-json\/wp\/v2\/posts"}],"about":[{"href":"https:\/\/catolicanet.net\/wp-cnet\/wp-json\/wp\/v2\/types\/post"}],"author":[{"embeddable":true,"href":"https:\/\/catolicanet.net\/wp-cnet\/wp-json\/wp\/v2\/users\/1"}],"replies":[{"embeddable":true,"href":"https:\/\/catolicanet.net\/wp-cnet\/wp-json\/wp\/v2\/comments?post=13339"}],"version-history":[{"count":1,"href":"https:\/\/catolicanet.net\/wp-cnet\/wp-json\/wp\/v2\/posts\/13339\/revisions"}],"predecessor-version":[{"id":26478,"href":"https:\/\/catolicanet.net\/wp-cnet\/wp-json\/wp\/v2\/posts\/13339\/revisions\/26478"}],"wp:attachment":[{"href":"https:\/\/catolicanet.net\/wp-cnet\/wp-json\/wp\/v2\/media?parent=13339"}],"wp:term":[{"taxonomy":"category","embeddable":true,"href":"https:\/\/catolicanet.net\/wp-cnet\/wp-json\/wp\/v2\/categories?post=13339"},{"taxonomy":"post_tag","embeddable":true,"href":"https:\/\/catolicanet.net\/wp-cnet\/wp-json\/wp\/v2\/tags?post=13339"}],"curies":[{"name":"wp","href":"https:\/\/api.w.org\/{rel}","templated":true}]}}