{"id":13336,"date":"2016-02-10T12:55:59","date_gmt":"2016-02-10T14:55:59","guid":{"rendered":"http:\/\/catolicanet.net\/wp-cnet\/2016\/02\/10\/meu-nome-e-miqueias\/"},"modified":"2017-05-08T16:01:23","modified_gmt":"2017-05-08T19:01:23","slug":"meu-nome-e-miqueias","status":"publish","type":"post","link":"https:\/\/catolicanet.net\/wp-cnet\/meu-nome-e-miqueias\/","title":{"rendered":"Meu nome \u00e9 Miqu\u00e9ias"},"content":{"rendered":"<p style=\"text-align: justify;\"> Um leitor e amigo sugeriu-me um coment\u00e1rio sobre determinado trecho do livro de Miqu\u00e9ias (7,2-7). Sexto dos doze profetas menores do Antigo Testamento, tratava-se de um humilde campon\u00eas nascido na vila de Morasti, no reino de Jud\u00e1, que se revoltou contra a explora\u00e7\u00e3o ao seu povo. Contempor\u00e2neo de Os\u00e9ias e Isaias, foi um audaz pregador contra os malfeitos n\u00e3o s\u00f3 dos poderosos, como tamb\u00e9m dos infi\u00e9is aos mandamentos de Deus. Denunciou com veem\u00eancia a cobi\u00e7a dos ricos, o oportunismo dos comerciantes com seus ganhos imorais, a maldade planejada pelos mais astutos, o uso de balan\u00e7as desonestas nas feiras e com\u00e9rcios e o crime organizado contra a grande maioria do povo simples. Tudo isso h\u00e1 (pasmem!) 2.700 anos atr\u00e1s&#8230;<br \/> Ao trecho citado meu amigo deu um t\u00edtulo especial: Realidade Brasil. Nesta perspectiva, confesso nunca ter lido cr\u00f4nica t\u00e3o atual, apesar da longevidade e distancia de nossa realidade. Outros tempos e os mesmos problemas. Duvida? Eis um trecho: \u201cAcabaram do pa\u00eds as pessoas de bem, ningu\u00e9m h\u00e1 que seja honesto, est\u00e3o todos de tocaia para matar, cada qual com sua armadilha para ca\u00e7ar o irm\u00e3o. Eles t\u00eam m\u00e3os habilidosas para a injusti\u00e7a: o alto comando solicita, o instru\u00eddo vai pela propina, o grande manifesta seu pre\u00e7o. Ai dos corruptos! O melhor deles \u00e9 como um espinheiro, o que \u00e9 direito parece uma cerca de espinhos\u201d. \u00c9 ou n\u00e3o uma perfeita descri\u00e7\u00e3o dos nossos dias? A\u00ed v\u00eam aqueles derrotados pelo pessimismo e atiram seus dardos envenenados: N\u00e3o disse! Desde que o mundo \u00e9 mundo a maldade impera. N\u00e3o seremos n\u00f3s que iremos mudar o curso dessa hist\u00f3ria.<br \/> Desses quero dist\u00e2ncia. Porque a voz prof\u00e9tica do passado ainda ecoa em nossos cora\u00e7\u00f5es e reposiciona as a\u00e7\u00f5es de muitos, quando seus gritos de alerta encontram eco. Lembra-nos, na sequ\u00eancia: \u201cTeu ajuste de contas vir\u00e1 um dia. N\u00e3o acrediteis no companheiro, n\u00e3o ponhais a confian\u00e7a no amigo\u201d. Terr\u00edvel, esse alerta! Prova-nos a quanto chegou a degrada\u00e7\u00e3o humana, a ponto de nos precavermos em nossas rela\u00e7\u00f5es e pormos em d\u00favida at\u00e9 a virtude de nossas amizades. Verdadeira ou falsa? A desconfian\u00e7a corr\u00f3i o relacionamento humano. E aprofunda essa corros\u00e3o levando-a para o \u00e2mbito familiar. \u00c9 aterrador, mas real. \u201cConserva a boca fechada ao lado daquela que dorme contigo, pois o filho insulta o pai, a filha se ergue contra a m\u00e3e, a nora contra a sogra, os inimigos de uma pessoa s\u00e3o os da pr\u00f3pria casa\u201d. S\u00f3 mesmo numa fam\u00edlia solidamente constitu\u00edda com valores e princ\u00edpios morais e religiosos poderemos encontrar alguma exce\u00e7\u00e3o. Coisa rara em nossos dias. <br \/> Mas o profetismo \u00e9 ainda uma dimens\u00e3o de f\u00e9. Ele continua em nossos tempos, n\u00e3o apenas nos apontando novos caminhos, como tamb\u00e9m alimentando nossa esperan\u00e7a. Foi essa a conclus\u00e3o de Miqu\u00e9ias: \u201cMas eu me volto para o Senhor, espero em Deus, meu Salvador, e meu Deus me atender\u00e1\u201d. Essa \u00e9 a certeza dos que acreditam. N\u00e3o h\u00e1 no mundo situa\u00e7\u00e3o de injusti\u00e7a impune aos olhos de Deus. As leis humanas, falhas e morosas em suas senten\u00e7as, ainda titubeiam na pr\u00e1tica da justi\u00e7a. Quando aquela e aquele com quem partilhamos nossa exist\u00eancia s\u00e3o capazes de nos extorquir ou acusar-nos diante das sect\u00e1rias leis dos homens, Aquele que tudo v\u00ea e tudo pode h\u00e1 de restaurar sua senten\u00e7a, dia mais, dia menos, conforme suas Promessas. Jesus n\u00e3o conseguiu ser profeta em sua pr\u00f3pria terra, dentre aqueles que sempre amou, os de seu pr\u00f3prio sangue. Mesmo assim, venceu todas as ciladas que lhe armaram \u2013 at\u00e9 a pr\u00f3pria morte \u2013 e refez o caminho com a humanidade, naquela estrada de Ema\u00fas. Nesse novo caminho, recordou: \u201cComo voc\u00eas custam para entender, e como demoram para acreditar em tudo o que os profetas falaram!\u201d (Lc 24, 25). Hoje, meu nome \u00e9 Miqu\u00e9ias.<\/p>\n","protected":false},"excerpt":{"rendered":"<p>Um leitor e amigo sugeriu-me um coment\u00e1rio sobre determinado trecho do livro de Miqu\u00e9ias (7,2-7). Sexto dos doze profetas menores do Antigo Testamento, tratava-se de um humilde campon\u00eas nascido na vila de Morasti, no reino de Jud\u00e1, que se revoltou contra a explora\u00e7\u00e3o ao seu povo. Contempor\u00e2neo de Os\u00e9ias e Isaias, foi um audaz pregador [&hellip;]<\/p>\n","protected":false},"author":17,"featured_media":0,"comment_status":"open","ping_status":"open","sticky":false,"template":"","format":"standard","meta":{"footnotes":""},"categories":[9],"tags":[],"class_list":["post-13336","post","type-post","status-publish","format-standard","hentry","category-artigos"],"_links":{"self":[{"href":"https:\/\/catolicanet.net\/wp-cnet\/wp-json\/wp\/v2\/posts\/13336","targetHints":{"allow":["GET"]}}],"collection":[{"href":"https:\/\/catolicanet.net\/wp-cnet\/wp-json\/wp\/v2\/posts"}],"about":[{"href":"https:\/\/catolicanet.net\/wp-cnet\/wp-json\/wp\/v2\/types\/post"}],"author":[{"embeddable":true,"href":"https:\/\/catolicanet.net\/wp-cnet\/wp-json\/wp\/v2\/users\/17"}],"replies":[{"embeddable":true,"href":"https:\/\/catolicanet.net\/wp-cnet\/wp-json\/wp\/v2\/comments?post=13336"}],"version-history":[{"count":1,"href":"https:\/\/catolicanet.net\/wp-cnet\/wp-json\/wp\/v2\/posts\/13336\/revisions"}],"predecessor-version":[{"id":21705,"href":"https:\/\/catolicanet.net\/wp-cnet\/wp-json\/wp\/v2\/posts\/13336\/revisions\/21705"}],"wp:attachment":[{"href":"https:\/\/catolicanet.net\/wp-cnet\/wp-json\/wp\/v2\/media?parent=13336"}],"wp:term":[{"taxonomy":"category","embeddable":true,"href":"https:\/\/catolicanet.net\/wp-cnet\/wp-json\/wp\/v2\/categories?post=13336"},{"taxonomy":"post_tag","embeddable":true,"href":"https:\/\/catolicanet.net\/wp-cnet\/wp-json\/wp\/v2\/tags?post=13336"}],"curies":[{"name":"wp","href":"https:\/\/api.w.org\/{rel}","templated":true}]}}