{"id":13320,"date":"2016-02-05T12:40:24","date_gmt":"2016-02-05T14:40:24","guid":{"rendered":"http:\/\/catolicanet.net\/wp-cnet\/2016\/02\/05\/transnacional-promove-aborto-para-mulheres-gravidas-infectadas-pelo-virus-zika\/"},"modified":"2017-05-31T11:59:49","modified_gmt":"2017-05-31T14:59:49","slug":"transnacional-promove-aborto-para-mulheres-gravidas-infectadas-pelo-virus-zika","status":"publish","type":"post","link":"https:\/\/catolicanet.net\/wp-cnet\/transnacional-promove-aborto-para-mulheres-gravidas-infectadas-pelo-virus-zika\/","title":{"rendered":"Transnacional promove aborto para mulheres gr\u00e1vidas infectadas pelo v\u00edrus Zika"},"content":{"rendered":"<p style=\"text-align: justify;\"><img decoding=\"async\" src=\"http:\/\/catolicanet.com.br\/images\/stories\/geral\/embaraz.jpg\" border=\"0\" align=\"left\" \/>A Internacional Planned Parenthood Federation (IPPF), matriz da Planned Parenthood Federation of America \u2013 acusada de traficar com \u00f3rg\u00e3os e tecidos de beb\u00eas abortados em suas instala\u00e7\u00f5es \u2013, est\u00e1 dedicada diretamente a promover o aborto nos casos de mulheres gr\u00e1vidas que estiverem contaminadas pelo v\u00edrus zika.<\/p>\n<p>O v\u00edrus zika, pelo qual Organiza\u00e7\u00e3o Mundial da Sa\u00fade decretou uma emerg\u00eancia sanit\u00e1ria global no dia 1\u00ba de fevereiro, \u00e9 contra\u00eddo pela picada do mosquito Aedes aegypti, o mesmo que transmite a dengue e a chikungunya.<\/p>\n<p>Alguns relat\u00f3rios apontaram que mulheres gr\u00e1vidas infectadas com o v\u00edrus zika poderiam transmitir a doen\u00e7a aos seus beb\u00eas, causando microcefalia, uma doen\u00e7a na qual a cabe\u00e7a do beb\u00ea \u00e9 menor do que deveria ser. Entretanto, n\u00e3o existem trabalhos cient\u00edficos concludentes e o Centro para o Controle de Doen\u00e7as dos Estados Unidos (CDC) disse que \u201cnecessitam de investiga\u00e7\u00f5es adicionais para distinguir melhor esta rela\u00e7\u00e3o\u201d.<\/p>\n<p>Em declara\u00e7\u00f5es \u00e0 rede alem\u00e3 Deutsche Welle (DW), o diretor geral da IPPF, Tewodros Melesse, assegurou que \u201co v\u00edrus zika deve ser combatido com o uso de anticoncepcionais e o aborto seguro, assim como com medidas contra os mosquitos\u201d.<\/p>\n<p>At\u00e9 ent\u00e3o, o v\u00edrus zika afetou o Brasil e grande n\u00famero de pa\u00edses da Am\u00e9rica Latina, como M\u00e9xico, El Salvador, Honduras, Col\u00f4mbia e Paraguai. Nestes mesmos pa\u00edses, a IPPF investiu grandes quantidades de dinheiro a fim de promover a legaliza\u00e7\u00e3o do aborto.<\/p>\n<p>Segundo o reporte financeiro da International Planned Parenthood Federation, em 2014 destinou mais de 10 milh\u00f5es de d\u00f3lares a fim de promover o aborto na Am\u00e9rica Latina. Sendo mais de 731 mil d\u00f3lares destinados ao M\u00e9xico.<\/p>\n<p>A IPPF destinou mais de 1 milh\u00e3o 187 mil d\u00f3lares \u00e0 Col\u00f4mbia, enquanto Honduras recebeu mais de 497 mil d\u00f3lares. No caso do Paraguai, a International Planned Parenthood Federation contribuiu com cerca de 302 mil d\u00f3lares para tentar legalizar o aborto.<\/p>\n<p>Em 2015, ap\u00f3s a revela\u00e7\u00e3o de que a Planned Parenthood traficava \u00f3rg\u00e3os de beb\u00eas abortados em suas instala\u00e7\u00f5es, o Centro para a Promo\u00e7\u00e3o e Defesa dos Direitos Sexuais e Reprodutivos (PROMSEX) do Peru encabe\u00e7ou uma carta qualificando os v\u00eddeos que desvendavam o caso como \u201cataques de grupos extremistas\u201d.<\/p>\n<p>Muitas institui\u00e7\u00f5es latino-americanas assinaram a carta, entre elas as brasileiras Rede Feminista de Sa\u00fade, Direitos Sexuais e Direitos Reprodutivos e a Rede M\u00e9dica pelo Direito de Decidir.<\/p>\n<p>A plataforma pr\u00f3-vida CitizenGO fez um abaixo assinado e reuniu mais de 30 mil assinaturas exigindo que n\u00e3o se instrumentalize o v\u00edrus zika para promover a legaliza\u00e7\u00e3o do aborto na Am\u00e9rica Latina.<\/p>\n<p>\u201cAnte uma epidemia de um v\u00edrus de impacto moderado, o que corresponde \u00e9 uma resposta equilibrada e prudente: facilitem fumigadores aos governos, distribuam repelentes entre as popula\u00e7\u00f5es potencialmente afetadas e fa\u00e7am uma campanha de comunica\u00e7\u00e3o a fim de combater o v\u00edrus\u201d, isto foi o que exigiram as dezenas de milhares de assinantes \u00e0 diretora da Organiza\u00e7\u00e3o Mundial da Sa\u00fade (OMS), Margaret Chan.<\/p>\n<p>A carta dirigida \u00e0 diretora da OMS denunciou que \u201cningu\u00e9m aproveite o v\u00edrus zika para promover sua campanha ideol\u00f3gica em contra do direito \u00e0 vida do n\u00e3o nascido\u201d.<\/p>\n<p style=\"text-align: justify;\">Fonte: Acidigital<\/p>\n","protected":false},"excerpt":{"rendered":"<p>A Internacional Planned Parenthood Federation (IPPF), matriz da Planned Parenthood Federation of America \u2013 acusada de traficar com \u00f3rg\u00e3os e tecidos de beb\u00eas abortados em suas instala\u00e7\u00f5es \u2013, est\u00e1 dedicada diretamente a promover o aborto nos casos de mulheres gr\u00e1vidas que estiverem contaminadas pelo v\u00edrus zika. O v\u00edrus zika, pelo qual Organiza\u00e7\u00e3o Mundial da Sa\u00fade [&hellip;]<\/p>\n","protected":false},"author":1,"featured_media":0,"comment_status":"open","ping_status":"open","sticky":false,"template":"","format":"standard","meta":{"footnotes":""},"categories":[4],"tags":[],"class_list":["post-13320","post","type-post","status-publish","format-standard","hentry","category-cotidiano"],"_links":{"self":[{"href":"https:\/\/catolicanet.net\/wp-cnet\/wp-json\/wp\/v2\/posts\/13320","targetHints":{"allow":["GET"]}}],"collection":[{"href":"https:\/\/catolicanet.net\/wp-cnet\/wp-json\/wp\/v2\/posts"}],"about":[{"href":"https:\/\/catolicanet.net\/wp-cnet\/wp-json\/wp\/v2\/types\/post"}],"author":[{"embeddable":true,"href":"https:\/\/catolicanet.net\/wp-cnet\/wp-json\/wp\/v2\/users\/1"}],"replies":[{"embeddable":true,"href":"https:\/\/catolicanet.net\/wp-cnet\/wp-json\/wp\/v2\/comments?post=13320"}],"version-history":[{"count":1,"href":"https:\/\/catolicanet.net\/wp-cnet\/wp-json\/wp\/v2\/posts\/13320\/revisions"}],"predecessor-version":[{"id":26481,"href":"https:\/\/catolicanet.net\/wp-cnet\/wp-json\/wp\/v2\/posts\/13320\/revisions\/26481"}],"wp:attachment":[{"href":"https:\/\/catolicanet.net\/wp-cnet\/wp-json\/wp\/v2\/media?parent=13320"}],"wp:term":[{"taxonomy":"category","embeddable":true,"href":"https:\/\/catolicanet.net\/wp-cnet\/wp-json\/wp\/v2\/categories?post=13320"},{"taxonomy":"post_tag","embeddable":true,"href":"https:\/\/catolicanet.net\/wp-cnet\/wp-json\/wp\/v2\/tags?post=13320"}],"curies":[{"name":"wp","href":"https:\/\/api.w.org\/{rel}","templated":true}]}}