{"id":13313,"date":"2016-02-05T11:54:53","date_gmt":"2016-02-05T13:54:53","guid":{"rendered":"http:\/\/catolicanet.net\/wp-cnet\/2016\/02\/05\/encontro-historico-entre-o-papa-e-o-patriarca-russo-acontecera-em-cuba\/"},"modified":"2017-05-30T11:05:30","modified_gmt":"2017-05-30T14:05:30","slug":"encontro-historico-entre-o-papa-e-o-patriarca-russo-acontecera-em-cuba","status":"publish","type":"post","link":"https:\/\/catolicanet.net\/wp-cnet\/encontro-historico-entre-o-papa-e-o-patriarca-russo-acontecera-em-cuba\/","title":{"rendered":"Encontro hist\u00f3rico entre o Papa e o Patriarca russo acontecer\u00e1 em Cuba"},"content":{"rendered":"<p style=\"text-align: justify;\"><img decoding=\"async\" src=\"http:\/\/catolicanet.com.br\/images\/stories\/geral\/epa1937142_articolo.jpg\" border=\"0\" align=\"left\" \/>O dia 12 de fevereiro entrar\u00e1 para a Hist\u00f3ria: ser\u00e1 quando, pela primeira vez, os Primazes da Igreja cat\u00f3lica e da Igreja ortodoxa russa se encontrar\u00e3o em sinal de proximidade entre as duas Igrejas.<\/p>\n<p>O encontro entre o Papa Francisco e o Patriarca Kirill de Moscou e todas as R\u00fassias acontecer\u00e1 no aeroporto internacional Jos\u00e9 Mart\u00ed, em Havana, onde o Patriarca estar\u00e1 em visita oficial e onde o Papa far\u00e1 uma escala antes de dar in\u00edcio \u00e0 Viagem Apost\u00f3lica ao M\u00e9xico,\u00a0 Ao final do col\u00f3quio, ser\u00e1 assinada uma declara\u00e7\u00e3o comum.<\/p>\n<p>Em comunicado conjunto, nesta sexta-feira (05\/02), a Santa S\u00e9 e o Patriarcado de Moscou \u201causpiciam que o encontro seja tamb\u00e9m um sinal de esperan\u00e7a para todos os homens de boa vontade e convidam todos os crist\u00e3os a rezar com fervor para que Deus aben\u00e7oe este encontro para que possa produzir bons frutos\u201d.<\/p>\n<p style=\"text-align: justify;\">Fonte: R\u00e1dio Vaticano<\/p>\n","protected":false},"excerpt":{"rendered":"<p>O dia 12 de fevereiro entrar\u00e1 para a Hist\u00f3ria: ser\u00e1 quando, pela primeira vez, os Primazes da Igreja cat\u00f3lica e da Igreja ortodoxa russa se encontrar\u00e3o em sinal de proximidade entre as duas Igrejas. O encontro entre o Papa Francisco e o Patriarca Kirill de Moscou e todas as R\u00fassias acontecer\u00e1 no aeroporto internacional Jos\u00e9 [&hellip;]<\/p>\n","protected":false},"author":1,"featured_media":0,"comment_status":"open","ping_status":"open","sticky":false,"template":"","format":"standard","meta":{"footnotes":""},"categories":[3],"tags":[],"class_list":["post-13313","post","type-post","status-publish","format-standard","hentry","category-vaticano"],"_links":{"self":[{"href":"https:\/\/catolicanet.net\/wp-cnet\/wp-json\/wp\/v2\/posts\/13313","targetHints":{"allow":["GET"]}}],"collection":[{"href":"https:\/\/catolicanet.net\/wp-cnet\/wp-json\/wp\/v2\/posts"}],"about":[{"href":"https:\/\/catolicanet.net\/wp-cnet\/wp-json\/wp\/v2\/types\/post"}],"author":[{"embeddable":true,"href":"https:\/\/catolicanet.net\/wp-cnet\/wp-json\/wp\/v2\/users\/1"}],"replies":[{"embeddable":true,"href":"https:\/\/catolicanet.net\/wp-cnet\/wp-json\/wp\/v2\/comments?post=13313"}],"version-history":[{"count":1,"href":"https:\/\/catolicanet.net\/wp-cnet\/wp-json\/wp\/v2\/posts\/13313\/revisions"}],"predecessor-version":[{"id":24478,"href":"https:\/\/catolicanet.net\/wp-cnet\/wp-json\/wp\/v2\/posts\/13313\/revisions\/24478"}],"wp:attachment":[{"href":"https:\/\/catolicanet.net\/wp-cnet\/wp-json\/wp\/v2\/media?parent=13313"}],"wp:term":[{"taxonomy":"category","embeddable":true,"href":"https:\/\/catolicanet.net\/wp-cnet\/wp-json\/wp\/v2\/categories?post=13313"},{"taxonomy":"post_tag","embeddable":true,"href":"https:\/\/catolicanet.net\/wp-cnet\/wp-json\/wp\/v2\/tags?post=13313"}],"curies":[{"name":"wp","href":"https:\/\/api.w.org\/{rel}","templated":true}]}}