{"id":13303,"date":"2016-02-04T13:16:18","date_gmt":"2016-02-04T15:16:18","guid":{"rendered":"http:\/\/catolicanet.net\/wp-cnet\/2016\/02\/04\/vida-consagrada-lcomunidades-ganharam-mais-conscienciar-considera-cardeal-patriarca\/"},"modified":"2017-05-31T13:03:32","modified_gmt":"2017-05-31T16:03:32","slug":"vida-consagrada-lcomunidades-ganharam-mais-conscienciar-considera-cardeal-patriarca","status":"publish","type":"post","link":"https:\/\/catolicanet.net\/wp-cnet\/vida-consagrada-lcomunidades-ganharam-mais-conscienciar-considera-cardeal-patriarca\/","title":{"rendered":"Vida Consagrada: \u00abComunidades ganharam mais consci\u00eancia\u00bb, considera cardeal-patriarca"},"content":{"rendered":"<p style=\"text-align: justify;\"><img decoding=\"async\" src=\"http:\/\/catolicanet.com.br\/images\/stories\/geral\/2016_lisboa_encerramentoavconsagrada.jpg\" border=\"0\" align=\"left\" \/>D. Manuel Clemente presidiu \u00e0 Eucaristia de encerramento do Ano da Vida Consagrada em Lisboa<\/p>\n<p>O cardeal-patriarca de Lisboa destacou que os consagrados reproduzem o \u201cestilo de vida de Jesus\u201d de entrega a \u201cDeus e ao servi\u00e7o do pr\u00f3ximo\u201d e neste ano especial as comunidades \u201cganharam mais consci\u00eancia\u201d desta forma de vida.<\/p>\n<p>\u201cJulgo que o saldo mais positivo \u00e9 que com muitas a\u00e7\u00f5es que se sucederam ao longo do ano, as comunidades ganharam mais consci\u00eancia do que s\u00e3o os consagrados na Igreja como voca\u00e7\u00e3o de especial consagra\u00e7\u00e3o\u201d, disse D. Manuel Clemente no Pavilh\u00e3o Multiusos de Odivelas.<\/p>\n<p>\u00c0 Ag\u00eancia ECCLESIA, o prelado assinalou que todas as voca\u00e7\u00f5es da Igreja \u201csublinham um ou outro aspeto da vida total de Cristo\u201d, que nenhum \u201cconsegue esgotar\u201d e cada um no seu lugar atrav\u00e9s da voca\u00e7\u00e3o que Deus d\u00e1 \u201ccumpre, representa um aspeto, uma faceta importante\u201d.<\/p>\n<p>Neste contexto, o cardeal-patriarca de Lisboa explicou que pretendia \u201cvalorizar o que significou e significa\u201d a consagra\u00e7\u00e3o de cada pessoa como uma realidade que \u201cabre a Igreja a um horizonte definitivo que n\u00e3o demite das realidades concretas do dia-a-dia\u201d.<\/p>\n<p>\u201cD\u00e1 outro esp\u00edrito e outro horizonte que n\u00e3o fiquemos presos na circunst\u00e2ncia mas fiquemos presos no absoluto\u201d, observou.<\/p>\n<p>D. Manuel Clemente comentou que enquanto as restantes pessoas na maioria das vezes t\u00eam de viver as \u201crealidades temporais, atuais\u201d, os consagrados mostram que pela sua maneira de viver \u201cj\u00e1 deram definitivamente a realidades finais\u201d.<\/p>\n<p>Contudo, acrescenta, eles \u201cn\u00e3o as deixam de viver\u201d uma vez que h\u00e1 muitos consagrados e consagradas, em Portugal e em v\u00e1rias fronteiras do mundo, que \u201cvivem empenhadamente e esfor\u00e7adamente as situa\u00e7\u00f5es mais dif\u00edceis, para estar pr\u00f3ximo dos outros\u201d.<\/p>\n<p>Por sua vez o presidente da Confer\u00eancia dos Institutos Religiosos de Portugal (CIRP) Regional de Lisboa considerou que o Ano da Vida Consagrada foi um tempo \u201cmuito positivo de gra\u00e7a, celebra\u00e7\u00e3o e de reflex\u00e3o\u201d no qual podia-se ter feito \u201cmuito mais\u201d mas n\u00e3o se tratava \u201cs\u00f3 de fazer\u201d.<\/p>\n<p>Para o padre Manuel Barbosa, este ano especial dedicado \u00e0 vida consagrada que come\u00e7ou a 29 de novembro de 2014, foi um \u201ctempo prop\u00edcio\u201d para pensar na forma de \u201cresponder a Deus\u201d nessa voca\u00e7\u00e3o.<\/p>\n<p>Os consagrados e consagradas j\u00e1 d\u00e3o testemunho da sua vida no dia-a-dia nos \u201cv\u00e1rios campos de atividade, segundo os carismas de cada instituto\u201d mas este ano foram \u201cprovocados\u201d pelo Papa a outra visibilidade.<\/p>\n<p>\u201cN\u00e3o \u00e9 para aparecer mas no sentido de testemunhar essa presen\u00e7a. Nos v\u00e1rios campos na educa\u00e7\u00e3o, no ensino, na sa\u00fade, nas periferias h\u00e1 muitas irm\u00e3s e irm\u00e3os que trabalham em espa\u00e7os onde praticamente pouca gente vai e est\u00e1 presente\u201d, observa o padre Manuel Barbosa.<\/p>\n<p>Neste contexto, o respons\u00e1vel da CIPR na Diocese de Lisboa refere que este ano \u201cn\u00e3o se encerra\u201d mas foi uma abertura para continuarem com os \u201cdinamismos de sempre\u201d.<\/p>\n<p>\u201cAgora tamb\u00e9m com esta dimens\u00e3o pedag\u00f3gica pastoral da miseric\u00f3rdia que \u00e9 da pr\u00f3pria ess\u00eancia de Deus. A miseric\u00f3rdia, ajuda a levar o dinamismo da santidade, da miss\u00e3o, da comunh\u00e3o, o que marca todas as nossas vidas\u201d, acrescentou o sacerdote da Congrega\u00e7\u00e3o dos Sacerdotes do Cora\u00e7\u00e3o de Jesus (Dehonianos).<\/p>\n<p>O Ano da Vida Consagrada foi uma iniciativa de Francisco, o primeiro Papa jesu\u00edta da hist\u00f3ria da Igreja, para celebrar com toda a Igreja o \u201cdom\u201d da voca\u00e7\u00e3o e \u201creavivar\u201d a sua \u201cmiss\u00e3o prof\u00e9tica\u201d e terminou esta ter\u00e7a-feira, festa lit\u00fargica da Apresenta\u00e7\u00e3o de Jesus.<\/p>\n<p>Em Portugal encerra-se com uma peregrina\u00e7\u00e3o nacional ao Santu\u00e1rio de F\u00e1tima, este domingo.<\/p>\n<p style=\"text-align: justify;\">Fonte: Ag\u00eancia Ecclesia<\/p>\n","protected":false},"excerpt":{"rendered":"<p>D. Manuel Clemente presidiu \u00e0 Eucaristia de encerramento do Ano da Vida Consagrada em Lisboa O cardeal-patriarca de Lisboa destacou que os consagrados reproduzem o \u201cestilo de vida de Jesus\u201d de entrega a \u201cDeus e ao servi\u00e7o do pr\u00f3ximo\u201d e neste ano especial as comunidades \u201cganharam mais consci\u00eancia\u201d desta forma de vida. \u201cJulgo que o [&hellip;]<\/p>\n","protected":false},"author":1,"featured_media":0,"comment_status":"open","ping_status":"open","sticky":false,"template":"","format":"standard","meta":{"footnotes":""},"categories":[4],"tags":[],"class_list":["post-13303","post","type-post","status-publish","format-standard","hentry","category-cotidiano"],"_links":{"self":[{"href":"https:\/\/catolicanet.net\/wp-cnet\/wp-json\/wp\/v2\/posts\/13303","targetHints":{"allow":["GET"]}}],"collection":[{"href":"https:\/\/catolicanet.net\/wp-cnet\/wp-json\/wp\/v2\/posts"}],"about":[{"href":"https:\/\/catolicanet.net\/wp-cnet\/wp-json\/wp\/v2\/types\/post"}],"author":[{"embeddable":true,"href":"https:\/\/catolicanet.net\/wp-cnet\/wp-json\/wp\/v2\/users\/1"}],"replies":[{"embeddable":true,"href":"https:\/\/catolicanet.net\/wp-cnet\/wp-json\/wp\/v2\/comments?post=13303"}],"version-history":[{"count":1,"href":"https:\/\/catolicanet.net\/wp-cnet\/wp-json\/wp\/v2\/posts\/13303\/revisions"}],"predecessor-version":[{"id":26485,"href":"https:\/\/catolicanet.net\/wp-cnet\/wp-json\/wp\/v2\/posts\/13303\/revisions\/26485"}],"wp:attachment":[{"href":"https:\/\/catolicanet.net\/wp-cnet\/wp-json\/wp\/v2\/media?parent=13303"}],"wp:term":[{"taxonomy":"category","embeddable":true,"href":"https:\/\/catolicanet.net\/wp-cnet\/wp-json\/wp\/v2\/categories?post=13303"},{"taxonomy":"post_tag","embeddable":true,"href":"https:\/\/catolicanet.net\/wp-cnet\/wp-json\/wp\/v2\/tags?post=13303"}],"curies":[{"name":"wp","href":"https:\/\/api.w.org\/{rel}","templated":true}]}}