{"id":13297,"date":"2016-02-04T11:44:11","date_gmt":"2016-02-04T13:44:11","guid":{"rendered":"http:\/\/catolicanet.net\/wp-cnet\/2016\/02\/04\/site-da-visita-do-papa-ao-mexico-conta-com-apoio-de-google\/"},"modified":"2017-06-02T14:11:22","modified_gmt":"2017-06-02T17:11:22","slug":"site-da-visita-do-papa-ao-mexico-conta-com-apoio-de-google","status":"publish","type":"post","link":"https:\/\/catolicanet.net\/wp-cnet\/site-da-visita-do-papa-ao-mexico-conta-com-apoio-de-google\/","title":{"rendered":"Site da visita do Papa ao M\u00e9xico conta com apoio de Google"},"content":{"rendered":"<p style=\"text-align: justify;\"><img decoding=\"async\" src=\"http:\/\/catolicanet.com.br\/images\/stories\/geral\/epa1949593_articolo.jpg\" border=\"0\" align=\"left\" \/>\u201cPapa Francisco, o M\u00e9xico te acolhe de bra\u00e7os abertos\u201d: estas s\u00e3o as palavras contidas na homepage do site oficial da visita do Papa Francisco ao M\u00e9xico,\u00a0 que iniciou a contagem regressiva da visita atualizando informa\u00e7\u00f5es e detalhes sobre as etapas da Viagem apost\u00f3lica do Pont\u00edfice ao pa\u00eds. <\/p>\n<p>O site mostra alguns v\u00eddeos que d\u00e3o as boas-vindas ao Papa Francisco e descreve os lugares que o Papa visitar\u00e1 com fotos, mapas e indica\u00e7\u00f5es. Na homepage se encontra a agenda dos eventos, uma se\u00e7\u00e3o que apresenta as palavras do Papa para meditar e refletir, e um espa\u00e7o para a m\u00eddia com os comunicados da Confer\u00eancia Episcopal Mexicana. <\/p>\n<p>Al\u00e9m disso, o site est\u00e1 ligado \u00e0s redes sociais como Facebook, Twitter, Youtube, Instagram e Snapchat. <\/p>\n<p>Google M\u00e9xico contribuiu para a realiza\u00e7\u00e3o do site, oferecendo sua tecnologia a fim de facilitar aos internautas a busca de informa\u00e7\u00f5es e acompanhar pela internet a visita do Papa Francisco.<\/p>\n<p style=\"text-align: justify;\">Fonte: R\u00e1dio Vaticano<\/p>\n","protected":false},"excerpt":{"rendered":"<p>\u201cPapa Francisco, o M\u00e9xico te acolhe de bra\u00e7os abertos\u201d: estas s\u00e3o as palavras contidas na homepage do site oficial da visita do Papa Francisco ao M\u00e9xico,\u00a0 que iniciou a contagem regressiva da visita atualizando informa\u00e7\u00f5es e detalhes sobre as etapas da Viagem apost\u00f3lica do Pont\u00edfice ao pa\u00eds. O site mostra alguns v\u00eddeos que d\u00e3o as [&hellip;]<\/p>\n","protected":false},"author":1,"featured_media":0,"comment_status":"open","ping_status":"open","sticky":false,"template":"","format":"standard","meta":{"footnotes":""},"categories":[3],"tags":[],"class_list":["post-13297","post","type-post","status-publish","format-standard","hentry","category-vaticano"],"_links":{"self":[{"href":"https:\/\/catolicanet.net\/wp-cnet\/wp-json\/wp\/v2\/posts\/13297","targetHints":{"allow":["GET"]}}],"collection":[{"href":"https:\/\/catolicanet.net\/wp-cnet\/wp-json\/wp\/v2\/posts"}],"about":[{"href":"https:\/\/catolicanet.net\/wp-cnet\/wp-json\/wp\/v2\/types\/post"}],"author":[{"embeddable":true,"href":"https:\/\/catolicanet.net\/wp-cnet\/wp-json\/wp\/v2\/users\/1"}],"replies":[{"embeddable":true,"href":"https:\/\/catolicanet.net\/wp-cnet\/wp-json\/wp\/v2\/comments?post=13297"}],"version-history":[{"count":1,"href":"https:\/\/catolicanet.net\/wp-cnet\/wp-json\/wp\/v2\/posts\/13297\/revisions"}],"predecessor-version":[{"id":28655,"href":"https:\/\/catolicanet.net\/wp-cnet\/wp-json\/wp\/v2\/posts\/13297\/revisions\/28655"}],"wp:attachment":[{"href":"https:\/\/catolicanet.net\/wp-cnet\/wp-json\/wp\/v2\/media?parent=13297"}],"wp:term":[{"taxonomy":"category","embeddable":true,"href":"https:\/\/catolicanet.net\/wp-cnet\/wp-json\/wp\/v2\/categories?post=13297"},{"taxonomy":"post_tag","embeddable":true,"href":"https:\/\/catolicanet.net\/wp-cnet\/wp-json\/wp\/v2\/tags?post=13297"}],"curies":[{"name":"wp","href":"https:\/\/api.w.org\/{rel}","templated":true}]}}