{"id":13296,"date":"2016-02-04T11:29:14","date_gmt":"2016-02-04T13:29:14","guid":{"rendered":"http:\/\/catolicanet.net\/wp-cnet\/2016\/02\/04\/papa-e-ronaldinho-anunciam-jogo-de-futebol-pela-paz\/"},"modified":"2017-06-02T11:48:05","modified_gmt":"2017-06-02T14:48:05","slug":"papa-e-ronaldinho-anunciam-jogo-de-futebol-pela-paz","status":"publish","type":"post","link":"https:\/\/catolicanet.net\/wp-cnet\/papa-e-ronaldinho-anunciam-jogo-de-futebol-pela-paz\/","title":{"rendered":"Papa e Ronaldinho anunciam jogo de futebol pela paz"},"content":{"rendered":"<p style=\"text-align: justify;\"><img decoding=\"async\" src=\"http:\/\/catolicanet.com.br\/images\/stories\/geral\/ap3289578_articolo.jpg\" border=\"0\" align=\"left\" \/>O Papa Francisco e Ronaldinho anunciaram juntos um novo jogo beneficente \u201cFutebol pela paz\u201d. \u201cConvido a todos a assistirem ao segundo jogo pela paz que organizaremos no dia 29 de maio em Roma\u201d, disse o Papa.<\/p>\n<p>O ex-camisa 10 do Barcelona j\u00e1 havia sido convidado pelo Papa para o jogo beneficente em 2014, no Est\u00e1dio Ol\u00edmpico de Roma, mas n\u00e3o compareceu. Na ocasi\u00e3o, participaram Diego Maradona, Roberto Baggio, Shevchenko, Valderrama, Del Piero, Zanetti, entre outros.<\/p>\n<p>O encontro com Ronaldinho ocorreu na tarde de quarta-feira (03\/02), ao final de um evento na Casina Pio IV, no Vaticano, da Funda\u00e7\u00e3o Pontif\u00edcia \u201cScholas Occurrentes\u201d, para dar um estatuto internacional ao organismo criado pelo pr\u00f3prio Papa quando era Arcebispo de Buenos Aires. <\/p>\n<p>Foram apresentados os programas \u2019Scholas Arts\u2019, para a forma\u00e7\u00e3o dos jovens atrav\u00e9s das artes e da criatividade, com a participa\u00e7\u00e3o de especialistas de 17 pa\u00edses; \u2019Scholas sports y social\u2019, para a forma\u00e7\u00e3o atrav\u00e9s do esporte; e \u2019Scholas ciudadania\u2019, para a participa\u00e7\u00e3o ativa dos jovens na vida da comunidade civil. <\/p>\n<p>Depois da apresenta\u00e7\u00e3o dos projetos e dos testemunhos de alguns jovens, o Papa destacou o valor da educa\u00e7\u00e3o para a harmonia da pessoa. \u201cQuando se fala de educa\u00e7\u00e3o, se deve falar de toda a riqueza da pessoa humana\u201d, disse. Para Francisco, arte, desporto, cultura e m\u00fasica s\u00e3o os ve\u00edculos atrav\u00e9s dos quais passa a educa\u00e7\u00e3o e uma forma\u00e7\u00e3o contra todo tipo de exclus\u00e3o: econ\u00f4mica, pol\u00edtica, cultural. E anunciou ent\u00e3o duas iniciativas: no dia 7 de maio, um encontro de boxe entre um cat\u00f3lico e um mu\u00e7ulmano em Las Vegas (EUA), e em 29 de maio o jogo \u201cFutebol pela paz\u201d no est\u00e1dio Ol\u00edmpico de Roma.<\/p>\n<p style=\"text-align: justify;\">Fonte: R\u00e1dio Vaticano<\/p>\n","protected":false},"excerpt":{"rendered":"<p>O Papa Francisco e Ronaldinho anunciaram juntos um novo jogo beneficente \u201cFutebol pela paz\u201d. \u201cConvido a todos a assistirem ao segundo jogo pela paz que organizaremos no dia 29 de maio em Roma\u201d, disse o Papa. O ex-camisa 10 do Barcelona j\u00e1 havia sido convidado pelo Papa para o jogo beneficente em 2014, no Est\u00e1dio [&hellip;]<\/p>\n","protected":false},"author":1,"featured_media":0,"comment_status":"open","ping_status":"open","sticky":false,"template":"","format":"standard","meta":{"footnotes":""},"categories":[3],"tags":[],"class_list":["post-13296","post","type-post","status-publish","format-standard","hentry","category-vaticano"],"_links":{"self":[{"href":"https:\/\/catolicanet.net\/wp-cnet\/wp-json\/wp\/v2\/posts\/13296","targetHints":{"allow":["GET"]}}],"collection":[{"href":"https:\/\/catolicanet.net\/wp-cnet\/wp-json\/wp\/v2\/posts"}],"about":[{"href":"https:\/\/catolicanet.net\/wp-cnet\/wp-json\/wp\/v2\/types\/post"}],"author":[{"embeddable":true,"href":"https:\/\/catolicanet.net\/wp-cnet\/wp-json\/wp\/v2\/users\/1"}],"replies":[{"embeddable":true,"href":"https:\/\/catolicanet.net\/wp-cnet\/wp-json\/wp\/v2\/comments?post=13296"}],"version-history":[{"count":1,"href":"https:\/\/catolicanet.net\/wp-cnet\/wp-json\/wp\/v2\/posts\/13296\/revisions"}],"predecessor-version":[{"id":28306,"href":"https:\/\/catolicanet.net\/wp-cnet\/wp-json\/wp\/v2\/posts\/13296\/revisions\/28306"}],"wp:attachment":[{"href":"https:\/\/catolicanet.net\/wp-cnet\/wp-json\/wp\/v2\/media?parent=13296"}],"wp:term":[{"taxonomy":"category","embeddable":true,"href":"https:\/\/catolicanet.net\/wp-cnet\/wp-json\/wp\/v2\/categories?post=13296"},{"taxonomy":"post_tag","embeddable":true,"href":"https:\/\/catolicanet.net\/wp-cnet\/wp-json\/wp\/v2\/tags?post=13296"}],"curies":[{"name":"wp","href":"https:\/\/api.w.org\/{rel}","templated":true}]}}