{"id":13285,"date":"2016-02-03T12:12:09","date_gmt":"2016-02-03T14:12:09","guid":{"rendered":"http:\/\/catolicanet.net\/wp-cnet\/2016\/02\/03\/papa-qa-verdadeira-justica-e-o-perdaoq\/"},"modified":"2017-06-02T13:14:49","modified_gmt":"2017-06-02T16:14:49","slug":"papa-qa-verdadeira-justica-e-o-perdaoq","status":"publish","type":"post","link":"https:\/\/catolicanet.net\/wp-cnet\/papa-qa-verdadeira-justica-e-o-perdaoq\/","title":{"rendered":"Papa: &#8220;A verdadeira justi\u00e7a \u00e9 o perd\u00e3o&#8221;"},"content":{"rendered":"<p style=\"text-align: justify;\"><img decoding=\"async\" src=\"http:\/\/catolicanet.com.br\/images\/stories\/geral\/ap3289036_articolo.jpg\" border=\"0\" align=\"left\" \/>Na audi\u00eancia geral desta quarta-feira (03\/02) o Papa prosseguiu o ciclo de catequeses que vem realizando sobre o tema da miseric\u00f3rdia e aprofundou a sua rela\u00e7\u00e3o com a justi\u00e7a. Como conciliar as duas coisas? questionou aos mais de 15 mil fi\u00e9is e turistas presentes na Pra\u00e7a S\u00e3o Pedro.<\/p>\n<p>Justi\u00e7a no tribunal corrige, mas n\u00e3o vence o mal<\/p>\n<p>O primeiro modo de se obter justi\u00e7a \u00e9 dirigir-se a um juiz para que o culpado por um certo erro seja punido. Esta \u00e9 a justi\u00e7a \u2018retributiva\u2019, que imp\u00f5e uma pena ao culpado. Hoje, as v\u00edtimas de injusti\u00e7a se dirigem aos tribunais. No Evangelho, Lucas narra a par\u00e1bola da vi\u00fava que ia sempre ao juiz pedir \u2018justi\u00e7a\u2019 contra seu advers\u00e1rio. <\/p>\n<p>\u201cMas este caminho, disse Francisco, n\u00e3o conduz \u00e0 verdadeira justi\u00e7a porque na realidade n\u00e3o vence o mal, mas simplesmente cont\u00e9m o seu avan\u00e7o. Responder ao mal com o bem \u00e9 o \u00fanico modo de venc\u00ea-lo\u201d.<\/p>\n<p>O Papa, no entanto, apontou uma outra estrada: a sugerida na B\u00edblia. Neste caso, a v\u00edtima n\u00e3o vai ao tribunal, mas se dirige diretamente ao culpado e o convida a converter-se. Ajuda-o a entender que est\u00e1 fazendo mal. Assim, este reconhece o pr\u00f3prio erro e se abre ao perd\u00e3o que a v\u00edtima lhe oferece. \u00c9 o modo melhor para resolver contrastes nas fam\u00edlias, no relacionamento entre pais e filhos e entre esposos, quando o ofendido ama o culpado e deseja salvar a rela\u00e7\u00e3o que os une, e n\u00e3o romp\u00ea-la. <\/p>\n<p>O caminho do perd\u00e3o \u00e9 fadigoso<\/p>\n<p>Francisco admitiu que este caminho \u00e9 dif\u00edcil, pois requer que quem sofreu esteja pronto a perdoar e deseje a salva\u00e7\u00e3o e o bem de quem o ofendeu. \u201cS\u00f3 assim a justi\u00e7a pode triunfar, pois quando o culpado reconhece o mal que fez e para de faz\u00ea-lo, deixa de ser injusto e se torna justo e, perdoado, reencontra o caminho do bem\u201d. <\/p>\n<p>\u00c9 assim que Deus age conosco, pecadores, oferecendo continuamente seu perd\u00e3o, porque ele quer a nossa salva\u00e7\u00e3o. O cora\u00e7\u00e3o de Deus \u00e9 um cora\u00e7\u00e3o de Pai que ama e quer que seus filhos vivam no bem e na justi\u00e7a, felizes e em plenitude. \u00c9 um cora\u00e7\u00e3o que vai al\u00e9m do nosso pequeno conceito de justi\u00e7a, abrindo-nos aos horizontes infinitos da sua miseric\u00f3rdia. <\/p>\n<p>\u201c\u00c9 um cora\u00e7\u00e3o de Pai que n\u00f3s queremos encontrar quando vamos ao Confession\u00e1rio. N\u00f3s queremos encontrar um Pai que nos ajude a mudar de vida, que nos d\u00ea a for\u00e7a de ir avante, que nos perdoe em nome de Deus. Por isso, ser confessor \u00e9 uma grande responsabilidade, enorme. O filho ou a filha de Deus que vai at\u00e9 um padre est\u00e1 procurando um Pai, e voc\u00ea, que est\u00e1 ali no Confession\u00e1rio, est\u00e1 no lugar do Pai que fez justi\u00e7a com a sua miseric\u00f3rdia\u201d.<\/p>\n<p>Espet\u00e1culo de artistas circenses<\/p>\n<p>No final do encontro, o um grupo de artistas do \u2018American Circus\u2019 fez uma breve exibi\u00e7\u00e3o musical, muito apreciada pelo Pont\u00edfice. Francisco elogiou os circenses por sua const\u00e2ncia no treinamento, que deve servir de exemplo para todos.<\/p>\n<p>\u201cVoc\u00eas fazem beleza e ela sempre nos aproxima de Deus. Agrade\u00e7o voc\u00eas por isso, mas h\u00e1 outra coisa que gostaria de destacar: isto n\u00e3o se improvisa; por detr\u00e1s deste espet\u00e1culo de beleza h\u00e1 horas e horas de treinamento, fadigoso. Mas o Ap\u00f3stolo Paulo nos diz que para se chegar a um fim \u00e9 preciso treinar, para vencer \u00e9 preciso treinar e isto \u00e9 um exemplo para todos n\u00f3s, porque a sedu\u00e7\u00e3o da vida f\u00e1cil, sem esfor\u00e7o, \u00e9 uma tenta\u00e7\u00e3o; e voc\u00eas, com o que fizeram hoje, nos lembram que a vida sem esfor\u00e7o \u00e9 uma vida med\u00edocre. Agrade\u00e7o por seu exemplo\u201d.<\/p>\n<p style=\"text-align: justify;\">Fonte: R\u00e1dio Vaticano<\/p>\n","protected":false},"excerpt":{"rendered":"<p>Na audi\u00eancia geral desta quarta-feira (03\/02) o Papa prosseguiu o ciclo de catequeses que vem realizando sobre o tema da miseric\u00f3rdia e aprofundou a sua rela\u00e7\u00e3o com a justi\u00e7a. Como conciliar as duas coisas? questionou aos mais de 15 mil fi\u00e9is e turistas presentes na Pra\u00e7a S\u00e3o Pedro. Justi\u00e7a no tribunal corrige, mas n\u00e3o vence [&hellip;]<\/p>\n","protected":false},"author":1,"featured_media":0,"comment_status":"open","ping_status":"open","sticky":false,"template":"","format":"standard","meta":{"footnotes":""},"categories":[3],"tags":[],"class_list":["post-13285","post","type-post","status-publish","format-standard","hentry","category-vaticano"],"_links":{"self":[{"href":"https:\/\/catolicanet.net\/wp-cnet\/wp-json\/wp\/v2\/posts\/13285","targetHints":{"allow":["GET"]}}],"collection":[{"href":"https:\/\/catolicanet.net\/wp-cnet\/wp-json\/wp\/v2\/posts"}],"about":[{"href":"https:\/\/catolicanet.net\/wp-cnet\/wp-json\/wp\/v2\/types\/post"}],"author":[{"embeddable":true,"href":"https:\/\/catolicanet.net\/wp-cnet\/wp-json\/wp\/v2\/users\/1"}],"replies":[{"embeddable":true,"href":"https:\/\/catolicanet.net\/wp-cnet\/wp-json\/wp\/v2\/comments?post=13285"}],"version-history":[{"count":1,"href":"https:\/\/catolicanet.net\/wp-cnet\/wp-json\/wp\/v2\/posts\/13285\/revisions"}],"predecessor-version":[{"id":28419,"href":"https:\/\/catolicanet.net\/wp-cnet\/wp-json\/wp\/v2\/posts\/13285\/revisions\/28419"}],"wp:attachment":[{"href":"https:\/\/catolicanet.net\/wp-cnet\/wp-json\/wp\/v2\/media?parent=13285"}],"wp:term":[{"taxonomy":"category","embeddable":true,"href":"https:\/\/catolicanet.net\/wp-cnet\/wp-json\/wp\/v2\/categories?post=13285"},{"taxonomy":"post_tag","embeddable":true,"href":"https:\/\/catolicanet.net\/wp-cnet\/wp-json\/wp\/v2\/tags?post=13285"}],"curies":[{"name":"wp","href":"https:\/\/api.w.org\/{rel}","templated":true}]}}